{"id":982,"date":"2020-11-06T23:34:30","date_gmt":"2020-11-06T23:34:30","guid":{"rendered":"http:\/\/rgdeportes.com\/?p=982"},"modified":"2020-11-06T23:42:36","modified_gmt":"2020-11-06T23:42:36","slug":"deporte-de-los-pulsos-le-permitio-representar-a-costa-rica","status":"publish","type":"post","link":"https:\/\/dev-test.rgdeportes.com\/index.php\/2020\/11\/06\/deporte-de-los-pulsos-le-permitio-representar-a-costa-rica\/","title":{"rendered":"Deporte de los pulsos le permiti\u00f3 representar a Costa Rica"},"content":{"rendered":"\n<figure class=\"wp-block-image size-large\"><img decoding=\"async\" loading=\"lazy\" width=\"960\" height=\"720\" src=\"http:\/\/rgdeportes.com\/wp-content\/uploads\/2020\/11\/FB_IMG_1604703695300.jpg\" alt=\"\" class=\"wp-image-983\" srcset=\"https:\/\/dev-test.rgdeportes.com\/wp-content\/uploads\/2020\/11\/FB_IMG_1604703695300.jpg 960w, https:\/\/dev-test.rgdeportes.com\/wp-content\/uploads\/2020\/11\/FB_IMG_1604703695300-300x225.jpg 300w, https:\/\/dev-test.rgdeportes.com\/wp-content\/uploads\/2020\/11\/FB_IMG_1604703695300-768x576.jpg 768w\" sizes=\"(max-width: 960px) 100vw, 960px\" \/><\/figure>\n\n\n\n<p>El atleta nacional Jeffry Mu\u00f1oz se ha convertido en un destacado y disciplinado deportista en el \u00e1mbito de los pulsos, donde ha logrado cosechar medallas, trofeos y participaci\u00f3n en dos mundiales en la denominada \u00abLucha de Brazo\u00bb.<\/p>\n\n\n\n<p>\u00abAl principio mis amigos se burlaron de mi, algo que tuve que soportar con el pasar de los d\u00edas\u00bb.<\/p>\n\n\n\n<p>\u00abSin embargo, me hice m\u00e1s disciplinado, no pon\u00eda atenci\u00f3n a sus comentarios, los resultados se fueron dando y actualmente no me dicen nada\u00bb, agreg\u00f3 Jeffry Mu\u00f1oz.<\/p>\n\n\n\n<p>El deportista es oriundo de Pococ\u00ed, adem\u00e1s la b\u00e1scula le marca actualmente 93 kg.<\/p>\n\n\n\n<p>(Foto y Fuente &#8211; Federaci\u00f3n Costarricense de Pulsos).  <\/p>\n","protected":false},"excerpt":{"rendered":"<p>El atleta nacional Jeffry Mu\u00f1oz se ha convertido en un destacado y disciplinado deportista en el \u00e1mbito de los pulsos, donde ha logrado cosechar medallas, trofeos y participaci\u00f3n en dos&hellip; <\/p>\n","protected":false},"author":2,"featured_media":983,"comment_status":"open","ping_status":"open","sticky":false,"template":"","format":"standard","meta":{"_mi_skip_tracking":false,"_monsterinsights_sitenote_active":false,"_monsterinsights_sitenote_note":"","_monsterinsights_sitenote_category":0,"footnotes":""},"categories":[13],"tags":[],"yoast_head":"<!-- This site is optimized with the Yoast SEO plugin v21.2 - https:\/\/yoast.com\/wordpress\/plugins\/seo\/ -->\n<title>Deporte de los pulsos le permiti\u00f3 representar a Costa Rica - RG Deportestes - Test<\/title>\n<meta name=\"robots\" content=\"index, follow, max-snippet:-1, max-image-preview:large, max-video-preview:-1\" \/>\n<link rel=\"canonical\" href=\"https:\/\/dev-test.rgdeportes.com\/index.php\/2020\/11\/06\/deporte-de-los-pulsos-le-permitio-representar-a-costa-rica\/\" \/>\n<meta property=\"og:locale\" content=\"es_ES\" \/>\n<meta property=\"og:type\" content=\"article\" \/>\n<meta property=\"og:title\" content=\"Deporte de los pulsos le permiti\u00f3 representar a Costa Rica - RG Deportestes - Test\" \/>\n<meta property=\"og:description\" content=\"El atleta nacional Jeffry Mu\u00f1oz se ha convertido en un destacado y disciplinado deportista en el \u00e1mbito de los pulsos, donde ha logrado cosechar medallas, trofeos y participaci\u00f3n en dos&hellip;\" \/>\n<meta property=\"og:url\" content=\"https:\/\/dev-test.rgdeportes.com\/index.php\/2020\/11\/06\/deporte-de-los-pulsos-le-permitio-representar-a-costa-rica\/\" \/>\n<meta property=\"og:site_name\" content=\"RG Deportestes - Test\" \/>\n<meta property=\"article:publisher\" content=\"https:\/\/www.facebook.com\/RandallGutierrezDeportes\/\" \/>\n<meta property=\"article:published_time\" content=\"2020-11-06T23:34:30+00:00\" \/>\n<meta property=\"article:modified_time\" content=\"2020-11-06T23:42:36+00:00\" \/>\n<meta property=\"og:image\" content=\"https:\/\/dev-test.rgdeportes.com\/wp-content\/uploads\/2020\/11\/FB_IMG_1604703695300.jpg\" \/>\n\t<meta property=\"og:image:width\" content=\"960\" \/>\n\t<meta property=\"og:image:height\" content=\"720\" \/>\n\t<meta property=\"og:image:type\" content=\"image\/jpeg\" \/>\n<meta name=\"author\" content=\"Randall Gutierrez\" \/>\n<meta name=\"twitter:card\" content=\"summary_large_image\" \/>\n<meta name=\"twitter:label1\" content=\"Escrito por\" \/>\n\t<meta name=\"twitter:data1\" content=\"Randall Gutierrez\" \/>\n\t<meta name=\"twitter:label2\" content=\"Tiempo de lectura\" \/>\n\t<meta name=\"twitter:data2\" content=\"1 minuto\" \/>\n<script type=\"application\/ld+json\" class=\"yoast-schema-graph\">{\"@context\":\"https:\/\/schema.org\",\"@graph\":[{\"@type\":\"Article\",\"@id\":\"https:\/\/dev-test.rgdeportes.com\/index.php\/2020\/11\/06\/deporte-de-los-pulsos-le-permitio-representar-a-costa-rica\/#article\",\"isPartOf\":{\"@id\":\"https:\/\/dev-test.rgdeportes.com\/index.php\/2020\/11\/06\/deporte-de-los-pulsos-le-permitio-representar-a-costa-rica\/\"},\"author\":{\"name\":\"Randall Gutierrez\",\"@id\":\"https:\/\/dev-test.rgdeportes.com\/#\/schema\/person\/91795323fddb335a4fd017bf0e4b1358\"},\"headline\":\"Deporte de los pulsos le permiti\u00f3 representar a Costa Rica\",\"datePublished\":\"2020-11-06T23:34:30+00:00\",\"dateModified\":\"2020-11-06T23:42:36+00:00\",\"mainEntityOfPage\":{\"@id\":\"https:\/\/dev-test.rgdeportes.com\/index.php\/2020\/11\/06\/deporte-de-los-pulsos-le-permitio-representar-a-costa-rica\/\"},\"wordCount\":123,\"commentCount\":0,\"publisher\":{\"@id\":\"https:\/\/dev-test.rgdeportes.com\/#organization\"},\"articleSection\":[\"Otros deportes\"],\"inLanguage\":\"es\",\"potentialAction\":[{\"@type\":\"CommentAction\",\"name\":\"Comment\",\"target\":[\"https:\/\/dev-test.rgdeportes.com\/index.php\/2020\/11\/06\/deporte-de-los-pulsos-le-permitio-representar-a-costa-rica\/#respond\"]}]},{\"@type\":\"WebPage\",\"@id\":\"https:\/\/dev-test.rgdeportes.com\/index.php\/2020\/11\/06\/deporte-de-los-pulsos-le-permitio-representar-a-costa-rica\/\",\"url\":\"https:\/\/dev-test.rgdeportes.com\/index.php\/2020\/11\/06\/deporte-de-los-pulsos-le-permitio-representar-a-costa-rica\/\",\"name\":\"Deporte de los pulsos le permiti\u00f3 representar a Costa Rica - RG Deportestes - Test\",\"isPartOf\":{\"@id\":\"https:\/\/dev-test.rgdeportes.com\/#website\"},\"datePublished\":\"2020-11-06T23:34:30+00:00\",\"dateModified\":\"2020-11-06T23:42:36+00:00\",\"breadcrumb\":{\"@id\":\"https:\/\/dev-test.rgdeportes.com\/index.php\/2020\/11\/06\/deporte-de-los-pulsos-le-permitio-representar-a-costa-rica\/#breadcrumb\"},\"inLanguage\":\"es\",\"potentialAction\":[{\"@type\":\"ReadAction\",\"target\":[\"https:\/\/dev-test.rgdeportes.com\/index.php\/2020\/11\/06\/deporte-de-los-pulsos-le-permitio-representar-a-costa-rica\/\"]}]},{\"@type\":\"BreadcrumbList\",\"@id\":\"https:\/\/dev-test.rgdeportes.com\/index.php\/2020\/11\/06\/deporte-de-los-pulsos-le-permitio-representar-a-costa-rica\/#breadcrumb\",\"itemListElement\":[{\"@type\":\"ListItem\",\"position\":1,\"name\":\"Portada\",\"item\":\"https:\/\/dev-test.rgdeportes.com\/\"},{\"@type\":\"ListItem\",\"position\":2,\"name\":\"Deporte de los pulsos le permiti\u00f3 representar a Costa Rica\"}]},{\"@type\":\"WebSite\",\"@id\":\"https:\/\/dev-test.rgdeportes.com\/#website\",\"url\":\"https:\/\/dev-test.rgdeportes.com\/\",\"name\":\"RG Deportes\u200e\",\"description\":\"P\u00e1gina de desarrollo y pruebas\",\"publisher\":{\"@id\":\"https:\/\/dev-test.rgdeportes.com\/#organization\"},\"potentialAction\":[{\"@type\":\"SearchAction\",\"target\":{\"@type\":\"EntryPoint\",\"urlTemplate\":\"https:\/\/dev-test.rgdeportes.com\/?s={search_term_string}\"},\"query-input\":\"required name=search_term_string\"}],\"inLanguage\":\"es\"},{\"@type\":\"Organization\",\"@id\":\"https:\/\/dev-test.rgdeportes.com\/#organization\",\"name\":\"RG Deportes\",\"url\":\"https:\/\/dev-test.rgdeportes.com\/\",\"logo\":{\"@type\":\"ImageObject\",\"inLanguage\":\"es\",\"@id\":\"https:\/\/dev-test.rgdeportes.com\/#\/schema\/logo\/image\/\",\"url\":\"https:\/\/rgdeportes.com\/wp-content\/uploads\/2020\/09\/Logo.png\",\"contentUrl\":\"https:\/\/rgdeportes.com\/wp-content\/uploads\/2020\/09\/Logo.png\",\"width\":784,\"height\":552,\"caption\":\"RG Deportes\"},\"image\":{\"@id\":\"https:\/\/dev-test.rgdeportes.com\/#\/schema\/logo\/image\/\"},\"sameAs\":[\"https:\/\/www.facebook.com\/RandallGutierrezDeportes\/\",\"https:\/\/www.instagram.com\/randallgutierrezdeportes\/\",\"https:\/\/www.youtube.com\/channel\/UCX4_qbvtnTwoF5t2zNqBDvA\"]},{\"@type\":\"Person\",\"@id\":\"https:\/\/dev-test.rgdeportes.com\/#\/schema\/person\/91795323fddb335a4fd017bf0e4b1358\",\"name\":\"Randall Gutierrez\",\"image\":{\"@type\":\"ImageObject\",\"inLanguage\":\"es\",\"@id\":\"https:\/\/dev-test.rgdeportes.com\/#\/schema\/person\/image\/\",\"url\":\"https:\/\/secure.gravatar.com\/avatar\/d0884ea8b9b50bcfad3c0d20049361b5?s=96&d=mm&r=g\",\"contentUrl\":\"https:\/\/secure.gravatar.com\/avatar\/d0884ea8b9b50bcfad3c0d20049361b5?s=96&d=mm&r=g\",\"caption\":\"Randall Gutierrez\"},\"url\":\"https:\/\/dev-test.rgdeportes.com\/index.php\/author\/randall\/\"}]}<\/script>\n<!-- \/ Yoast SEO plugin. -->","yoast_head_json":{"title":"Deporte de los pulsos le permiti\u00f3 representar a Costa Rica - RG Deportestes - Test","robots":{"index":"index","follow":"follow","max-snippet":"max-snippet:-1","max-image-preview":"max-image-preview:large","max-video-preview":"max-video-preview:-1"},"canonical":"https:\/\/dev-test.rgdeportes.com\/index.php\/2020\/11\/06\/deporte-de-los-pulsos-le-permitio-representar-a-costa-rica\/","og_locale":"es_ES","og_type":"article","og_title":"Deporte de los pulsos le permiti\u00f3 representar a Costa Rica - RG Deportestes - Test","og_description":"El atleta nacional Jeffry Mu\u00f1oz se ha convertido en un destacado y disciplinado deportista en el \u00e1mbito de los pulsos, donde ha logrado cosechar medallas, trofeos y participaci\u00f3n en dos&hellip;","og_url":"https:\/\/dev-test.rgdeportes.com\/index.php\/2020\/11\/06\/deporte-de-los-pulsos-le-permitio-representar-a-costa-rica\/","og_site_name":"RG Deportestes - Test","article_publisher":"https:\/\/www.facebook.com\/RandallGutierrezDeportes\/","article_published_time":"2020-11-06T23:34:30+00:00","article_modified_time":"2020-11-06T23:42:36+00:00","og_image":[{"width":960,"height":720,"url":"https:\/\/dev-test.rgdeportes.com\/wp-content\/uploads\/2020\/11\/FB_IMG_1604703695300.jpg","type":"image\/jpeg"}],"author":"Randall Gutierrez","twitter_card":"summary_large_image","twitter_misc":{"Escrito por":"Randall Gutierrez","Tiempo de lectura":"1 minuto"},"schema":{"@context":"https:\/\/schema.org","@graph":[{"@type":"Article","@id":"https:\/\/dev-test.rgdeportes.com\/index.php\/2020\/11\/06\/deporte-de-los-pulsos-le-permitio-representar-a-costa-rica\/#article","isPartOf":{"@id":"https:\/\/dev-test.rgdeportes.com\/index.php\/2020\/11\/06\/deporte-de-los-pulsos-le-permitio-representar-a-costa-rica\/"},"author":{"name":"Randall Gutierrez","@id":"https:\/\/dev-test.rgdeportes.com\/#\/schema\/person\/91795323fddb335a4fd017bf0e4b1358"},"headline":"Deporte de los pulsos le permiti\u00f3 representar a Costa Rica","datePublished":"2020-11-06T23:34:30+00:00","dateModified":"2020-11-06T23:42:36+00:00","mainEntityOfPage":{"@id":"https:\/\/dev-test.rgdeportes.com\/index.php\/2020\/11\/06\/deporte-de-los-pulsos-le-permitio-representar-a-costa-rica\/"},"wordCount":123,"commentCount":0,"publisher":{"@id":"https:\/\/dev-test.rgdeportes.com\/#organization"},"articleSection":["Otros deportes"],"inLanguage":"es","potentialAction":[{"@type":"CommentAction","name":"Comment","target":["https:\/\/dev-test.rgdeportes.com\/index.php\/2020\/11\/06\/deporte-de-los-pulsos-le-permitio-representar-a-costa-rica\/#respond"]}]},{"@type":"WebPage","@id":"https:\/\/dev-test.rgdeportes.com\/index.php\/2020\/11\/06\/deporte-de-los-pulsos-le-permitio-representar-a-costa-rica\/","url":"https:\/\/dev-test.rgdeportes.com\/index.php\/2020\/11\/06\/deporte-de-los-pulsos-le-permitio-representar-a-costa-rica\/","name":"Deporte de los pulsos le permiti\u00f3 representar a Costa Rica - RG Deportestes - Test","isPartOf":{"@id":"https:\/\/dev-test.rgdeportes.com\/#website"},"datePublished":"2020-11-06T23:34:30+00:00","dateModified":"2020-11-06T23:42:36+00:00","breadcrumb":{"@id":"https:\/\/dev-test.rgdeportes.com\/index.php\/2020\/11\/06\/deporte-de-los-pulsos-le-permitio-representar-a-costa-rica\/#breadcrumb"},"inLanguage":"es","potentialAction":[{"@type":"ReadAction","target":["https:\/\/dev-test.rgdeportes.com\/index.php\/2020\/11\/06\/deporte-de-los-pulsos-le-permitio-representar-a-costa-rica\/"]}]},{"@type":"BreadcrumbList","@id":"https:\/\/dev-test.rgdeportes.com\/index.php\/2020\/11\/06\/deporte-de-los-pulsos-le-permitio-representar-a-costa-rica\/#breadcrumb","itemListElement":[{"@type":"ListItem","position":1,"name":"Portada","item":"https:\/\/dev-test.rgdeportes.com\/"},{"@type":"ListItem","position":2,"name":"Deporte de los pulsos le permiti\u00f3 representar a Costa Rica"}]},{"@type":"WebSite","@id":"https:\/\/dev-test.rgdeportes.com\/#website","url":"https:\/\/dev-test.rgdeportes.com\/","name":"RG Deportes\u200e","description":"P\u00e1gina de desarrollo y pruebas","publisher":{"@id":"https:\/\/dev-test.rgdeportes.com\/#organization"},"potentialAction":[{"@type":"SearchAction","target":{"@type":"EntryPoint","urlTemplate":"https:\/\/dev-test.rgdeportes.com\/?s={search_term_string}"},"query-input":"required name=search_term_string"}],"inLanguage":"es"},{"@type":"Organization","@id":"https:\/\/dev-test.rgdeportes.com\/#organization","name":"RG Deportes","url":"https:\/\/dev-test.rgdeportes.com\/","logo":{"@type":"ImageObject","inLanguage":"es","@id":"https:\/\/dev-test.rgdeportes.com\/#\/schema\/logo\/image\/","url":"https:\/\/rgdeportes.com\/wp-content\/uploads\/2020\/09\/Logo.png","contentUrl":"https:\/\/rgdeportes.com\/wp-content\/uploads\/2020\/09\/Logo.png","width":784,"height":552,"caption":"RG Deportes"},"image":{"@id":"https:\/\/dev-test.rgdeportes.com\/#\/schema\/logo\/image\/"},"sameAs":["https:\/\/www.facebook.com\/RandallGutierrezDeportes\/","https:\/\/www.instagram.com\/randallgutierrezdeportes\/","https:\/\/www.youtube.com\/channel\/UCX4_qbvtnTwoF5t2zNqBDvA"]},{"@type":"Person","@id":"https:\/\/dev-test.rgdeportes.com\/#\/schema\/person\/91795323fddb335a4fd017bf0e4b1358","name":"Randall Gutierrez","image":{"@type":"ImageObject","inLanguage":"es","@id":"https:\/\/dev-test.rgdeportes.com\/#\/schema\/person\/image\/","url":"https:\/\/secure.gravatar.com\/avatar\/d0884ea8b9b50bcfad3c0d20049361b5?s=96&d=mm&r=g","contentUrl":"https:\/\/secure.gravatar.com\/avatar\/d0884ea8b9b50bcfad3c0d20049361b5?s=96&d=mm&r=g","caption":"Randall Gutierrez"},"url":"https:\/\/dev-test.rgdeportes.com\/index.php\/author\/randall\/"}]}},"_links":{"self":[{"href":"https:\/\/dev-test.rgdeportes.com\/index.php\/wp-json\/wp\/v2\/posts\/982"}],"collection":[{"href":"https:\/\/dev-test.rgdeportes.com\/index.php\/wp-json\/wp\/v2\/posts"}],"about":[{"href":"https:\/\/dev-test.rgdeportes.com\/index.php\/wp-json\/wp\/v2\/types\/post"}],"author":[{"embeddable":true,"href":"https:\/\/dev-test.rgdeportes.com\/index.php\/wp-json\/wp\/v2\/users\/2"}],"replies":[{"embeddable":true,"href":"https:\/\/dev-test.rgdeportes.com\/index.php\/wp-json\/wp\/v2\/comments?post=982"}],"version-history":[{"count":2,"href":"https:\/\/dev-test.rgdeportes.com\/index.php\/wp-json\/wp\/v2\/posts\/982\/revisions"}],"predecessor-version":[{"id":985,"href":"https:\/\/dev-test.rgdeportes.com\/index.php\/wp-json\/wp\/v2\/posts\/982\/revisions\/985"}],"wp:featuredmedia":[{"embeddable":true,"href":"https:\/\/dev-test.rgdeportes.com\/index.php\/wp-json\/wp\/v2\/media\/983"}],"wp:attachment":[{"href":"https:\/\/dev-test.rgdeportes.com\/index.php\/wp-json\/wp\/v2\/media?parent=982"}],"wp:term":[{"taxonomy":"category","embeddable":true,"href":"https:\/\/dev-test.rgdeportes.com\/index.php\/wp-json\/wp\/v2\/categories?post=982"},{"taxonomy":"post_tag","embeddable":true,"href":"https:\/\/dev-test.rgdeportes.com\/index.php\/wp-json\/wp\/v2\/tags?post=982"}],"curies":[{"name":"wp","href":"https:\/\/api.w.org\/{rel}","templated":true}]}}