{"id":3590,"date":"2022-06-09T03:45:57","date_gmt":"2022-06-09T03:45:57","guid":{"rendered":"http:\/\/rgdeportes.com\/?p=3590"},"modified":"2022-06-09T03:45:58","modified_gmt":"2022-06-09T03:45:58","slug":"corralillo-fue-el-escenario-del-campeonato-nacional-belray","status":"publish","type":"post","link":"https:\/\/dev-test.rgdeportes.com\/index.php\/2022\/06\/09\/corralillo-fue-el-escenario-del-campeonato-nacional-belray\/","title":{"rendered":"Corralillo fue el escenario del Campeonato Nacional BelRay"},"content":{"rendered":"\n<figure class=\"wp-block-gallery columns-1 is-cropped wp-block-gallery-1 is-layout-flex wp-block-gallery-is-layout-flex\"><ul class=\"blocks-gallery-grid\"><li class=\"blocks-gallery-item\"><figure><img decoding=\"async\" loading=\"lazy\" width=\"1024\" height=\"682\" src=\"http:\/\/rgdeportes.com\/wp-content\/uploads\/2022\/06\/IMG-20220607-WA0013-1024x682.jpg\" alt=\"\" data-id=\"3591\" data-full-url=\"http:\/\/rgdeportes.com\/wp-content\/uploads\/2022\/06\/IMG-20220607-WA0013.jpg\" data-link=\"http:\/\/rgdeportes.com\/?attachment_id=3591\" class=\"wp-image-3591\" srcset=\"https:\/\/dev-test.rgdeportes.com\/wp-content\/uploads\/2022\/06\/IMG-20220607-WA0013-1024x682.jpg 1024w, https:\/\/dev-test.rgdeportes.com\/wp-content\/uploads\/2022\/06\/IMG-20220607-WA0013-300x200.jpg 300w, https:\/\/dev-test.rgdeportes.com\/wp-content\/uploads\/2022\/06\/IMG-20220607-WA0013-768x512.jpg 768w, https:\/\/dev-test.rgdeportes.com\/wp-content\/uploads\/2022\/06\/IMG-20220607-WA0013.jpg 1280w\" sizes=\"(max-width: 1024px) 100vw, 1024px\" \/><\/figure><\/li><\/ul><\/figure>\n\n\n\n<p>La comunidad de Corralillo de Cartago se convirti\u00f3 en el escenario perfecto donde se llev\u00f3 a cabo la tercera Fecha Campeonato Nacional BelRay 2022 donde el ganador fue el piloto Fabricio Chac\u00f3n en la pista <strong>Los<\/strong> <strong>Alpinos <\/strong>llegando al frente de la MX1. <\/p>\n\n\n\n<p><br>Para julio, el Motocross Nacional estar\u00e1 en el Valle del General<\/p>\n\n\n\n<p>Tras una gran cantidad de espectadores se hicieron presentes cerca de unos 4 mil aficionados seg\u00fan lo report\u00f3 la Asociaci\u00f3n Motoclub, ente organizador del certamen que cuenta con un total de 9 fechas y de las cuales se han realizado ya tres.<\/p>\n\n\n\n<p>El par\u00e1metro de competencia se hizo sentir en todas las categor\u00edas donde tuvieron sus piques a pesar que el clima lluvioso jugar\u00eda un papel importante para efectos de  resultados finales de la jornada.<\/p>\n\n\n\n<p>En la rama mayor la MX1, Fabricio Chac\u00f3n due\u00f1o del dorsal 901 logr\u00f3 dar un paso al frente ganando la fecha y asumiendo el liderato general moment\u00e1neo luego de que su m\u00e1s cercano rival y compa\u00f1ero del equipo Honda Repsol Pasi\u00f3n MX Justin Alvarado tuviera un fin de semana complicado. Chac\u00f3n y Alvarado ven\u00edan de dos fechas con empate en puntos pero las condiciones de competencia favorecieron a Chac\u00f3n en la cuenta final.<\/p>\n\n\n\n<p>Alvarado tuvo un golpe en el primer heat, esto no le permiti\u00f3 alinear en la segunda manga.<\/p>\n\n\n\n<p>Eso s\u00ed, destac\u00f3 el trabajo realizado por Yarot Vargas de JLC Racing Team quien estuvo cerca del primer lugar, ya que estaba ganando en el segundo heat, fue superado y al final fue el segundo puesto de la fecha con 45 puntos. El tercer lugar del podio fue para el piloto 94 Scott Vargas con sumatoria de 40 unidades.<\/p>\n\n\n\n<p>Las condiciones de carrera fueron favorables para Vargas en la MX2 y demostr\u00f3 con creces su buen momento al alzarse con el triunfo gracias a 47 unidades. Jos\u00e9 Rodr\u00edguez, piloto n\u00famero 20, y que llegaba a la fecha en un estrecho margen de puntos con Vargas tuvo una serie de ca\u00eddas que no le permitieron sumar y cedi\u00f3 en la general.<\/p>\n\n\n\n<p>Ante esta ausencia en el podio los pilotos que destacaron en MX2 fueron Joe Frazer Garro y Abraham Alfaro en el segundo y tercer lugar respectivamente. De manera extraoficial Yarot asume en solitario la punta de la clasificaci\u00f3n de la MX2.<\/p>\n\n\n\n<p>En la categor\u00eda femenina tambi\u00e9n hubo sorpresa con el regreso a la victoria de la piloto 228 Mar\u00eda Paula Sabor\u00edo quien continua la disputa de esta rama con la piloto 15 Andrea Campos, quien fue segunda en Los Alpinos.<\/p>\n\n\n\n<p>Otros ganadores fueron Adri\u00e1n Robert en Veteranos mayores de 40 a\u00f1os, Samuel Jara en Junior y 50 cc B, El\u00edas Chavarr\u00eda en 50 cc A, Dave Paniagua en 65 cc A, Engel Araya en 65 cc B, entre otros.<\/p>\n\n\n\n<p>El resumen de resultados extraoficiales es el siguiente:<\/p>\n\n\n\n<p>Junior<br>76 Samuel Jara 47 puntos<br>119 Gadiel Corea 47 puntos<br>156 Julian Alvarado 40 puntos<\/p>\n\n\n\n<p>50 cc A<br>150 El\u00edas Chavarr\u00eda 47 puntos<br>224 Adri\u00e1n D\u00edaz 47 puntos<br>229 Steiger Campos 40 puntos<\/p>\n\n\n\n<p>50 cc B<br>76 Samuel Jara 50 puntos<br>926 Alex Porras 42 puntos<br>119 Gadiel Corea 38 puntos<\/p>\n\n\n\n<p>65 cc A<br>178 Dave Paniagua 47 puntos<br>25 Antonio Antill\u00f3n 47 puntos<br>29 Cesar Corea 40 puntos<\/p>\n\n\n\n<p>65cc B<br>128 Engel Araya 50 puntos<br>500 Math\u00edas Peraza 42 puntos<br>126 Dominick Canales 40 puntos<\/p>\n\n\n\n<p>SuperMini<br>53 Jack D\u00e1vila 47 puntos<br>25 Antonio Antill\u00f3n 37 puntos<br>991 Felipe Bonilla 36 puntos<\/p>\n\n\n\n<p>Amateur mayores de 15 a\u00f1os<br>777 Kevin Gamboa 47 puntos<br>272 Daniel Jim\u00e9nez 45 puntos<br>223 Kevin Chac\u00f3n 42 puntos<\/p>\n\n\n\n<p>Amateur mayores de 30 a\u00f1os<br>106 Jorge Luis Sol\u00eds 50 puntos<br>821 Hugo Guill\u00e9n 44 puntos<br>184 Eder Fallas 38 puntos<\/p>\n\n\n\n<p>Veteranos Mayores de 40 a\u00f1os<br>60 Adri\u00e1n Robert 50 puntos<br>74 Alvaro Rodr\u00edguez 42 puntos<br>900 Mauricio Chac\u00f3n 38 puntos<\/p>\n\n\n\n<p>Veteranos Mayores de 50 a\u00f1os<br>21 Alberto Antill\u00f3n 50 puntos<br>28 Mart\u00edn Arce 40 puntos<br>6 Johhny Benavides 40 puntos<\/p>\n\n\n\n<p>Pre MX2<br>207 Joseph Badilla 50 puntos<br>79 Fabi\u00e1n Richmond 44 puntos<br>338 Fabricio Segura 40 puntos<\/p>\n\n\n\n<p>MX2<br>46 Yarot Vargas 47 puntos<br>122 Joe Frazer Garro 45 puntos<br>92 Abraham Alfaro 42 puntos<\/p>\n\n\n\n<p>MX1<br>901 Fabricio Chac\u00f3n 47 puntos<br>46 Yarot Vargas 45 puntos<br>94 Scott Vargas 40 puntos<\/p>\n\n\n\n<p>M\u00e1ster<br>193 David Barrantes 50 puntos<br>340 Michael Arce 40 puntos<br>124 Greivin Cordero 38 puntos<\/p>\n\n\n\n<p>La pr\u00f3xima fecha del Campeonato Nacional de Motocross BelRay 2022 se realizar\u00e1 el 3 de julio en la Pista Las Lagunas de P\u00e9rez Zeled\u00f3n. Este evento es organizado por la Asociaci\u00f3n Motoclub y cuenta con el aval de la Federaci\u00f3n de Motociclismo Costarricense.<\/p>\n\n\n\n<p>Los resultados completos est\u00e1n disponibles aqu\u00ed.<\/p>\n","protected":false},"excerpt":{"rendered":"<p>La comunidad de Corralillo de Cartago se convirti\u00f3 en el escenario perfecto donde se llev\u00f3 a cabo la tercera Fecha Campeonato Nacional BelRay 2022 donde el ganador fue el piloto&hellip; <\/p>\n","protected":false},"author":2,"featured_media":3591,"comment_status":"open","ping_status":"open","sticky":false,"template":"","format":"standard","meta":{"_mi_skip_tracking":false,"_monsterinsights_sitenote_active":false,"_monsterinsights_sitenote_note":"","_monsterinsights_sitenote_category":0,"footnotes":""},"categories":[524],"tags":[1036,1035],"yoast_head":"<!-- This site is optimized with the Yoast SEO plugin v21.2 - https:\/\/yoast.com\/wordpress\/plugins\/seo\/ -->\n<title>Corralillo fue el escenario del Campeonato Nacional BelRay - RG Deportestes - Test<\/title>\n<meta name=\"robots\" content=\"index, follow, max-snippet:-1, max-image-preview:large, max-video-preview:-1\" \/>\n<link rel=\"canonical\" href=\"https:\/\/dev-test.rgdeportes.com\/index.php\/2022\/06\/09\/corralillo-fue-el-escenario-del-campeonato-nacional-belray\/\" \/>\n<meta property=\"og:locale\" content=\"es_ES\" \/>\n<meta property=\"og:type\" content=\"article\" \/>\n<meta property=\"og:title\" content=\"Corralillo fue el escenario del Campeonato Nacional BelRay - RG Deportestes - Test\" \/>\n<meta property=\"og:description\" content=\"La comunidad de Corralillo de Cartago se convirti\u00f3 en el escenario perfecto donde se llev\u00f3 a cabo la tercera Fecha Campeonato Nacional BelRay 2022 donde el ganador fue el piloto&hellip;\" \/>\n<meta property=\"og:url\" content=\"https:\/\/dev-test.rgdeportes.com\/index.php\/2022\/06\/09\/corralillo-fue-el-escenario-del-campeonato-nacional-belray\/\" \/>\n<meta property=\"og:site_name\" content=\"RG Deportestes - Test\" \/>\n<meta property=\"article:publisher\" content=\"https:\/\/www.facebook.com\/RandallGutierrezDeportes\/\" \/>\n<meta property=\"article:published_time\" content=\"2022-06-09T03:45:57+00:00\" \/>\n<meta property=\"article:modified_time\" content=\"2022-06-09T03:45:58+00:00\" \/>\n<meta property=\"og:image\" content=\"https:\/\/dev-test.rgdeportes.com\/wp-content\/uploads\/2022\/06\/IMG-20220607-WA0013.jpg\" \/>\n\t<meta property=\"og:image:width\" content=\"1280\" \/>\n\t<meta property=\"og:image:height\" content=\"853\" \/>\n\t<meta property=\"og:image:type\" content=\"image\/jpeg\" \/>\n<meta name=\"author\" content=\"Randall Gutierrez\" \/>\n<meta name=\"twitter:card\" content=\"summary_large_image\" \/>\n<meta name=\"twitter:label1\" content=\"Escrito por\" \/>\n\t<meta name=\"twitter:data1\" content=\"Randall Gutierrez\" \/>\n\t<meta name=\"twitter:label2\" content=\"Tiempo de lectura\" \/>\n\t<meta name=\"twitter:data2\" content=\"4 minutos\" \/>\n<script type=\"application\/ld+json\" class=\"yoast-schema-graph\">{\"@context\":\"https:\/\/schema.org\",\"@graph\":[{\"@type\":\"Article\",\"@id\":\"https:\/\/dev-test.rgdeportes.com\/index.php\/2022\/06\/09\/corralillo-fue-el-escenario-del-campeonato-nacional-belray\/#article\",\"isPartOf\":{\"@id\":\"https:\/\/dev-test.rgdeportes.com\/index.php\/2022\/06\/09\/corralillo-fue-el-escenario-del-campeonato-nacional-belray\/\"},\"author\":{\"name\":\"Randall Gutierrez\",\"@id\":\"https:\/\/dev-test.rgdeportes.com\/#\/schema\/person\/91795323fddb335a4fd017bf0e4b1358\"},\"headline\":\"Corralillo fue el escenario del Campeonato Nacional BelRay\",\"datePublished\":\"2022-06-09T03:45:57+00:00\",\"dateModified\":\"2022-06-09T03:45:58+00:00\",\"mainEntityOfPage\":{\"@id\":\"https:\/\/dev-test.rgdeportes.com\/index.php\/2022\/06\/09\/corralillo-fue-el-escenario-del-campeonato-nacional-belray\/\"},\"wordCount\":721,\"commentCount\":0,\"publisher\":{\"@id\":\"https:\/\/dev-test.rgdeportes.com\/#organization\"},\"keywords\":[\"#BelRayCorralillo\",\"#Campe\u00f3natoBelRay2022\"],\"articleSection\":[\"Deportes de motor\"],\"inLanguage\":\"es\",\"potentialAction\":[{\"@type\":\"CommentAction\",\"name\":\"Comment\",\"target\":[\"https:\/\/dev-test.rgdeportes.com\/index.php\/2022\/06\/09\/corralillo-fue-el-escenario-del-campeonato-nacional-belray\/#respond\"]}]},{\"@type\":\"WebPage\",\"@id\":\"https:\/\/dev-test.rgdeportes.com\/index.php\/2022\/06\/09\/corralillo-fue-el-escenario-del-campeonato-nacional-belray\/\",\"url\":\"https:\/\/dev-test.rgdeportes.com\/index.php\/2022\/06\/09\/corralillo-fue-el-escenario-del-campeonato-nacional-belray\/\",\"name\":\"Corralillo fue el escenario del Campeonato Nacional BelRay - RG Deportestes - Test\",\"isPartOf\":{\"@id\":\"https:\/\/dev-test.rgdeportes.com\/#website\"},\"datePublished\":\"2022-06-09T03:45:57+00:00\",\"dateModified\":\"2022-06-09T03:45:58+00:00\",\"breadcrumb\":{\"@id\":\"https:\/\/dev-test.rgdeportes.com\/index.php\/2022\/06\/09\/corralillo-fue-el-escenario-del-campeonato-nacional-belray\/#breadcrumb\"},\"inLanguage\":\"es\",\"potentialAction\":[{\"@type\":\"ReadAction\",\"target\":[\"https:\/\/dev-test.rgdeportes.com\/index.php\/2022\/06\/09\/corralillo-fue-el-escenario-del-campeonato-nacional-belray\/\"]}]},{\"@type\":\"BreadcrumbList\",\"@id\":\"https:\/\/dev-test.rgdeportes.com\/index.php\/2022\/06\/09\/corralillo-fue-el-escenario-del-campeonato-nacional-belray\/#breadcrumb\",\"itemListElement\":[{\"@type\":\"ListItem\",\"position\":1,\"name\":\"Portada\",\"item\":\"https:\/\/dev-test.rgdeportes.com\/\"},{\"@type\":\"ListItem\",\"position\":2,\"name\":\"Corralillo fue el escenario del Campeonato Nacional BelRay\"}]},{\"@type\":\"WebSite\",\"@id\":\"https:\/\/dev-test.rgdeportes.com\/#website\",\"url\":\"https:\/\/dev-test.rgdeportes.com\/\",\"name\":\"RG Deportes\u200e\",\"description\":\"P\u00e1gina de desarrollo y pruebas\",\"publisher\":{\"@id\":\"https:\/\/dev-test.rgdeportes.com\/#organization\"},\"potentialAction\":[{\"@type\":\"SearchAction\",\"target\":{\"@type\":\"EntryPoint\",\"urlTemplate\":\"https:\/\/dev-test.rgdeportes.com\/?s={search_term_string}\"},\"query-input\":\"required name=search_term_string\"}],\"inLanguage\":\"es\"},{\"@type\":\"Organization\",\"@id\":\"https:\/\/dev-test.rgdeportes.com\/#organization\",\"name\":\"RG Deportes\",\"url\":\"https:\/\/dev-test.rgdeportes.com\/\",\"logo\":{\"@type\":\"ImageObject\",\"inLanguage\":\"es\",\"@id\":\"https:\/\/dev-test.rgdeportes.com\/#\/schema\/logo\/image\/\",\"url\":\"https:\/\/rgdeportes.com\/wp-content\/uploads\/2020\/09\/Logo.png\",\"contentUrl\":\"https:\/\/rgdeportes.com\/wp-content\/uploads\/2020\/09\/Logo.png\",\"width\":784,\"height\":552,\"caption\":\"RG Deportes\"},\"image\":{\"@id\":\"https:\/\/dev-test.rgdeportes.com\/#\/schema\/logo\/image\/\"},\"sameAs\":[\"https:\/\/www.facebook.com\/RandallGutierrezDeportes\/\",\"https:\/\/www.instagram.com\/randallgutierrezdeportes\/\",\"https:\/\/www.youtube.com\/channel\/UCX4_qbvtnTwoF5t2zNqBDvA\"]},{\"@type\":\"Person\",\"@id\":\"https:\/\/dev-test.rgdeportes.com\/#\/schema\/person\/91795323fddb335a4fd017bf0e4b1358\",\"name\":\"Randall Gutierrez\",\"image\":{\"@type\":\"ImageObject\",\"inLanguage\":\"es\",\"@id\":\"https:\/\/dev-test.rgdeportes.com\/#\/schema\/person\/image\/\",\"url\":\"https:\/\/secure.gravatar.com\/avatar\/d0884ea8b9b50bcfad3c0d20049361b5?s=96&d=mm&r=g\",\"contentUrl\":\"https:\/\/secure.gravatar.com\/avatar\/d0884ea8b9b50bcfad3c0d20049361b5?s=96&d=mm&r=g\",\"caption\":\"Randall Gutierrez\"},\"url\":\"https:\/\/dev-test.rgdeportes.com\/index.php\/author\/randall\/\"}]}<\/script>\n<!-- \/ Yoast SEO plugin. -->","yoast_head_json":{"title":"Corralillo fue el escenario del Campeonato Nacional BelRay - RG Deportestes - Test","robots":{"index":"index","follow":"follow","max-snippet":"max-snippet:-1","max-image-preview":"max-image-preview:large","max-video-preview":"max-video-preview:-1"},"canonical":"https:\/\/dev-test.rgdeportes.com\/index.php\/2022\/06\/09\/corralillo-fue-el-escenario-del-campeonato-nacional-belray\/","og_locale":"es_ES","og_type":"article","og_title":"Corralillo fue el escenario del Campeonato Nacional BelRay - RG Deportestes - Test","og_description":"La comunidad de Corralillo de Cartago se convirti\u00f3 en el escenario perfecto donde se llev\u00f3 a cabo la tercera Fecha Campeonato Nacional BelRay 2022 donde el ganador fue el piloto&hellip;","og_url":"https:\/\/dev-test.rgdeportes.com\/index.php\/2022\/06\/09\/corralillo-fue-el-escenario-del-campeonato-nacional-belray\/","og_site_name":"RG Deportestes - Test","article_publisher":"https:\/\/www.facebook.com\/RandallGutierrezDeportes\/","article_published_time":"2022-06-09T03:45:57+00:00","article_modified_time":"2022-06-09T03:45:58+00:00","og_image":[{"width":1280,"height":853,"url":"https:\/\/dev-test.rgdeportes.com\/wp-content\/uploads\/2022\/06\/IMG-20220607-WA0013.jpg","type":"image\/jpeg"}],"author":"Randall Gutierrez","twitter_card":"summary_large_image","twitter_misc":{"Escrito por":"Randall Gutierrez","Tiempo de lectura":"4 minutos"},"schema":{"@context":"https:\/\/schema.org","@graph":[{"@type":"Article","@id":"https:\/\/dev-test.rgdeportes.com\/index.php\/2022\/06\/09\/corralillo-fue-el-escenario-del-campeonato-nacional-belray\/#article","isPartOf":{"@id":"https:\/\/dev-test.rgdeportes.com\/index.php\/2022\/06\/09\/corralillo-fue-el-escenario-del-campeonato-nacional-belray\/"},"author":{"name":"Randall Gutierrez","@id":"https:\/\/dev-test.rgdeportes.com\/#\/schema\/person\/91795323fddb335a4fd017bf0e4b1358"},"headline":"Corralillo fue el escenario del Campeonato Nacional BelRay","datePublished":"2022-06-09T03:45:57+00:00","dateModified":"2022-06-09T03:45:58+00:00","mainEntityOfPage":{"@id":"https:\/\/dev-test.rgdeportes.com\/index.php\/2022\/06\/09\/corralillo-fue-el-escenario-del-campeonato-nacional-belray\/"},"wordCount":721,"commentCount":0,"publisher":{"@id":"https:\/\/dev-test.rgdeportes.com\/#organization"},"keywords":["#BelRayCorralillo","#Campe\u00f3natoBelRay2022"],"articleSection":["Deportes de motor"],"inLanguage":"es","potentialAction":[{"@type":"CommentAction","name":"Comment","target":["https:\/\/dev-test.rgdeportes.com\/index.php\/2022\/06\/09\/corralillo-fue-el-escenario-del-campeonato-nacional-belray\/#respond"]}]},{"@type":"WebPage","@id":"https:\/\/dev-test.rgdeportes.com\/index.php\/2022\/06\/09\/corralillo-fue-el-escenario-del-campeonato-nacional-belray\/","url":"https:\/\/dev-test.rgdeportes.com\/index.php\/2022\/06\/09\/corralillo-fue-el-escenario-del-campeonato-nacional-belray\/","name":"Corralillo fue el escenario del Campeonato Nacional BelRay - RG Deportestes - Test","isPartOf":{"@id":"https:\/\/dev-test.rgdeportes.com\/#website"},"datePublished":"2022-06-09T03:45:57+00:00","dateModified":"2022-06-09T03:45:58+00:00","breadcrumb":{"@id":"https:\/\/dev-test.rgdeportes.com\/index.php\/2022\/06\/09\/corralillo-fue-el-escenario-del-campeonato-nacional-belray\/#breadcrumb"},"inLanguage":"es","potentialAction":[{"@type":"ReadAction","target":["https:\/\/dev-test.rgdeportes.com\/index.php\/2022\/06\/09\/corralillo-fue-el-escenario-del-campeonato-nacional-belray\/"]}]},{"@type":"BreadcrumbList","@id":"https:\/\/dev-test.rgdeportes.com\/index.php\/2022\/06\/09\/corralillo-fue-el-escenario-del-campeonato-nacional-belray\/#breadcrumb","itemListElement":[{"@type":"ListItem","position":1,"name":"Portada","item":"https:\/\/dev-test.rgdeportes.com\/"},{"@type":"ListItem","position":2,"name":"Corralillo fue el escenario del Campeonato Nacional BelRay"}]},{"@type":"WebSite","@id":"https:\/\/dev-test.rgdeportes.com\/#website","url":"https:\/\/dev-test.rgdeportes.com\/","name":"RG Deportes\u200e","description":"P\u00e1gina de desarrollo y pruebas","publisher":{"@id":"https:\/\/dev-test.rgdeportes.com\/#organization"},"potentialAction":[{"@type":"SearchAction","target":{"@type":"EntryPoint","urlTemplate":"https:\/\/dev-test.rgdeportes.com\/?s={search_term_string}"},"query-input":"required name=search_term_string"}],"inLanguage":"es"},{"@type":"Organization","@id":"https:\/\/dev-test.rgdeportes.com\/#organization","name":"RG Deportes","url":"https:\/\/dev-test.rgdeportes.com\/","logo":{"@type":"ImageObject","inLanguage":"es","@id":"https:\/\/dev-test.rgdeportes.com\/#\/schema\/logo\/image\/","url":"https:\/\/rgdeportes.com\/wp-content\/uploads\/2020\/09\/Logo.png","contentUrl":"https:\/\/rgdeportes.com\/wp-content\/uploads\/2020\/09\/Logo.png","width":784,"height":552,"caption":"RG Deportes"},"image":{"@id":"https:\/\/dev-test.rgdeportes.com\/#\/schema\/logo\/image\/"},"sameAs":["https:\/\/www.facebook.com\/RandallGutierrezDeportes\/","https:\/\/www.instagram.com\/randallgutierrezdeportes\/","https:\/\/www.youtube.com\/channel\/UCX4_qbvtnTwoF5t2zNqBDvA"]},{"@type":"Person","@id":"https:\/\/dev-test.rgdeportes.com\/#\/schema\/person\/91795323fddb335a4fd017bf0e4b1358","name":"Randall Gutierrez","image":{"@type":"ImageObject","inLanguage":"es","@id":"https:\/\/dev-test.rgdeportes.com\/#\/schema\/person\/image\/","url":"https:\/\/secure.gravatar.com\/avatar\/d0884ea8b9b50bcfad3c0d20049361b5?s=96&d=mm&r=g","contentUrl":"https:\/\/secure.gravatar.com\/avatar\/d0884ea8b9b50bcfad3c0d20049361b5?s=96&d=mm&r=g","caption":"Randall Gutierrez"},"url":"https:\/\/dev-test.rgdeportes.com\/index.php\/author\/randall\/"}]}},"_links":{"self":[{"href":"https:\/\/dev-test.rgdeportes.com\/index.php\/wp-json\/wp\/v2\/posts\/3590"}],"collection":[{"href":"https:\/\/dev-test.rgdeportes.com\/index.php\/wp-json\/wp\/v2\/posts"}],"about":[{"href":"https:\/\/dev-test.rgdeportes.com\/index.php\/wp-json\/wp\/v2\/types\/post"}],"author":[{"embeddable":true,"href":"https:\/\/dev-test.rgdeportes.com\/index.php\/wp-json\/wp\/v2\/users\/2"}],"replies":[{"embeddable":true,"href":"https:\/\/dev-test.rgdeportes.com\/index.php\/wp-json\/wp\/v2\/comments?post=3590"}],"version-history":[{"count":1,"href":"https:\/\/dev-test.rgdeportes.com\/index.php\/wp-json\/wp\/v2\/posts\/3590\/revisions"}],"predecessor-version":[{"id":3592,"href":"https:\/\/dev-test.rgdeportes.com\/index.php\/wp-json\/wp\/v2\/posts\/3590\/revisions\/3592"}],"wp:featuredmedia":[{"embeddable":true,"href":"https:\/\/dev-test.rgdeportes.com\/index.php\/wp-json\/wp\/v2\/media\/3591"}],"wp:attachment":[{"href":"https:\/\/dev-test.rgdeportes.com\/index.php\/wp-json\/wp\/v2\/media?parent=3590"}],"wp:term":[{"taxonomy":"category","embeddable":true,"href":"https:\/\/dev-test.rgdeportes.com\/index.php\/wp-json\/wp\/v2\/categories?post=3590"},{"taxonomy":"post_tag","embeddable":true,"href":"https:\/\/dev-test.rgdeportes.com\/index.php\/wp-json\/wp\/v2\/tags?post=3590"}],"curies":[{"name":"wp","href":"https:\/\/api.w.org\/{rel}","templated":true}]}}