{"id":2010,"date":"2021-07-10T05:11:31","date_gmt":"2021-07-10T05:11:31","guid":{"rendered":"http:\/\/rgdeportes.com\/?p=2010"},"modified":"2021-07-10T05:11:32","modified_gmt":"2021-07-10T05:11:32","slug":"kartismo-con-fecha-definida-para-el-campeonato-de-invierno","status":"publish","type":"post","link":"https:\/\/dev-test.rgdeportes.com\/index.php\/2021\/07\/10\/kartismo-con-fecha-definida-para-el-campeonato-de-invierno\/","title":{"rendered":"Kartismo con fecha definida para el Campeonato de Invierno"},"content":{"rendered":"\n<figure class=\"wp-block-gallery columns-1 is-cropped wp-block-gallery-1 is-layout-flex wp-block-gallery-is-layout-flex\"><ul class=\"blocks-gallery-grid\"><li class=\"blocks-gallery-item\"><figure><img decoding=\"async\" loading=\"lazy\" width=\"1024\" height=\"683\" src=\"http:\/\/rgdeportes.com\/wp-content\/uploads\/2021\/07\/FB_IMG_1625892408738-1024x683.jpg\" alt=\"\" data-id=\"2011\" data-full-url=\"http:\/\/rgdeportes.com\/wp-content\/uploads\/2021\/07\/FB_IMG_1625892408738.jpg\" data-link=\"http:\/\/rgdeportes.com\/?attachment_id=2011\" class=\"wp-image-2011\" srcset=\"https:\/\/dev-test.rgdeportes.com\/wp-content\/uploads\/2021\/07\/FB_IMG_1625892408738-1024x683.jpg 1024w, https:\/\/dev-test.rgdeportes.com\/wp-content\/uploads\/2021\/07\/FB_IMG_1625892408738-300x200.jpg 300w, https:\/\/dev-test.rgdeportes.com\/wp-content\/uploads\/2021\/07\/FB_IMG_1625892408738-768x512.jpg 768w, https:\/\/dev-test.rgdeportes.com\/wp-content\/uploads\/2021\/07\/FB_IMG_1625892408738.jpg 1079w\" sizes=\"(max-width: 1024px) 100vw, 1024px\" \/><\/figure><\/li><\/ul><\/figure>\n\n\n\n<p>Tras un comunicado por <strong><em>\u00abLa Asociaci\u00f3n de Corredores de KARTISMO\u00bb (ACEK)<\/em><\/strong>, dio a detalles de lo que ser\u00e1 la <strong><em>Primera Fecha de Invierno.<\/em><\/strong><\/p>\n\n\n\n<p>Esta fecha est\u00e1 pactada para el s\u00e1bado 24 de julio en el <em>Parque Viva<\/em> a partir de las 8:00 a.m bajo Circuitos de competencias. <\/p>\n\n\n\n<p>Es por ello, que los amantes de esta disciplina podr\u00e1n encontrar mayor informaci\u00f3n con respecto a detalles e inscripciones en la p\u00e1gina de facebook de <em>ACEK<\/em>.<\/p>\n\n\n\n<p>(Fuente y foto de archivo cortes\u00eda ACEK). <\/p>\n","protected":false},"excerpt":{"rendered":"<p>Tras un comunicado por \u00abLa Asociaci\u00f3n de Corredores de KARTISMO\u00bb (ACEK), dio a detalles de lo que ser\u00e1 la Primera Fecha de Invierno. Esta fecha est\u00e1 pactada para el s\u00e1bado&hellip; <\/p>\n","protected":false},"author":2,"featured_media":2011,"comment_status":"open","ping_status":"open","sticky":false,"template":"","format":"standard","meta":{"_mi_skip_tracking":false,"_monsterinsights_sitenote_active":false,"_monsterinsights_sitenote_note":"","_monsterinsights_sitenote_category":0,"footnotes":""},"categories":[11],"tags":[471,470],"yoast_head":"<!-- This site is optimized with the Yoast SEO plugin v21.2 - https:\/\/yoast.com\/wordpress\/plugins\/seo\/ -->\n<title>Kartismo con fecha definida para el Campeonato de Invierno - RG Deportestes - Test<\/title>\n<meta name=\"robots\" content=\"index, follow, max-snippet:-1, max-image-preview:large, max-video-preview:-1\" \/>\n<link rel=\"canonical\" href=\"https:\/\/dev-test.rgdeportes.com\/index.php\/2021\/07\/10\/kartismo-con-fecha-definida-para-el-campeonato-de-invierno\/\" \/>\n<meta property=\"og:locale\" content=\"es_ES\" \/>\n<meta property=\"og:type\" content=\"article\" \/>\n<meta property=\"og:title\" content=\"Kartismo con fecha definida para el Campeonato de Invierno - RG Deportestes - Test\" \/>\n<meta property=\"og:description\" content=\"Tras un comunicado por \u00abLa Asociaci\u00f3n de Corredores de KARTISMO\u00bb (ACEK), dio a detalles de lo que ser\u00e1 la Primera Fecha de Invierno. Esta fecha est\u00e1 pactada para el s\u00e1bado&hellip;\" \/>\n<meta property=\"og:url\" content=\"https:\/\/dev-test.rgdeportes.com\/index.php\/2021\/07\/10\/kartismo-con-fecha-definida-para-el-campeonato-de-invierno\/\" \/>\n<meta property=\"og:site_name\" content=\"RG Deportestes - Test\" \/>\n<meta property=\"article:publisher\" content=\"https:\/\/www.facebook.com\/RandallGutierrezDeportes\/\" \/>\n<meta property=\"article:published_time\" content=\"2021-07-10T05:11:31+00:00\" \/>\n<meta property=\"article:modified_time\" content=\"2021-07-10T05:11:32+00:00\" \/>\n<meta property=\"og:image\" content=\"https:\/\/dev-test.rgdeportes.com\/wp-content\/uploads\/2021\/07\/FB_IMG_1625892408738.jpg\" \/>\n\t<meta property=\"og:image:width\" content=\"1079\" \/>\n\t<meta property=\"og:image:height\" content=\"720\" \/>\n\t<meta property=\"og:image:type\" content=\"image\/jpeg\" \/>\n<meta name=\"author\" content=\"Randall Gutierrez\" \/>\n<meta name=\"twitter:card\" content=\"summary_large_image\" \/>\n<meta name=\"twitter:label1\" content=\"Escrito por\" \/>\n\t<meta name=\"twitter:data1\" content=\"Randall Gutierrez\" \/>\n<script type=\"application\/ld+json\" class=\"yoast-schema-graph\">{\"@context\":\"https:\/\/schema.org\",\"@graph\":[{\"@type\":\"Article\",\"@id\":\"https:\/\/dev-test.rgdeportes.com\/index.php\/2021\/07\/10\/kartismo-con-fecha-definida-para-el-campeonato-de-invierno\/#article\",\"isPartOf\":{\"@id\":\"https:\/\/dev-test.rgdeportes.com\/index.php\/2021\/07\/10\/kartismo-con-fecha-definida-para-el-campeonato-de-invierno\/\"},\"author\":{\"name\":\"Randall Gutierrez\",\"@id\":\"https:\/\/dev-test.rgdeportes.com\/#\/schema\/person\/91795323fddb335a4fd017bf0e4b1358\"},\"headline\":\"Kartismo con fecha definida para el Campeonato de Invierno\",\"datePublished\":\"2021-07-10T05:11:31+00:00\",\"dateModified\":\"2021-07-10T05:11:32+00:00\",\"mainEntityOfPage\":{\"@id\":\"https:\/\/dev-test.rgdeportes.com\/index.php\/2021\/07\/10\/kartismo-con-fecha-definida-para-el-campeonato-de-invierno\/\"},\"wordCount\":94,\"commentCount\":0,\"publisher\":{\"@id\":\"https:\/\/dev-test.rgdeportes.com\/#organization\"},\"keywords\":[\"#CostaRicaKartismo\",\"#PrimeraFechaInviernoKartismo\"],\"articleSection\":[\"Deporte\"],\"inLanguage\":\"es\",\"potentialAction\":[{\"@type\":\"CommentAction\",\"name\":\"Comment\",\"target\":[\"https:\/\/dev-test.rgdeportes.com\/index.php\/2021\/07\/10\/kartismo-con-fecha-definida-para-el-campeonato-de-invierno\/#respond\"]}]},{\"@type\":\"WebPage\",\"@id\":\"https:\/\/dev-test.rgdeportes.com\/index.php\/2021\/07\/10\/kartismo-con-fecha-definida-para-el-campeonato-de-invierno\/\",\"url\":\"https:\/\/dev-test.rgdeportes.com\/index.php\/2021\/07\/10\/kartismo-con-fecha-definida-para-el-campeonato-de-invierno\/\",\"name\":\"Kartismo con fecha definida para el Campeonato de Invierno - RG Deportestes - Test\",\"isPartOf\":{\"@id\":\"https:\/\/dev-test.rgdeportes.com\/#website\"},\"datePublished\":\"2021-07-10T05:11:31+00:00\",\"dateModified\":\"2021-07-10T05:11:32+00:00\",\"breadcrumb\":{\"@id\":\"https:\/\/dev-test.rgdeportes.com\/index.php\/2021\/07\/10\/kartismo-con-fecha-definida-para-el-campeonato-de-invierno\/#breadcrumb\"},\"inLanguage\":\"es\",\"potentialAction\":[{\"@type\":\"ReadAction\",\"target\":[\"https:\/\/dev-test.rgdeportes.com\/index.php\/2021\/07\/10\/kartismo-con-fecha-definida-para-el-campeonato-de-invierno\/\"]}]},{\"@type\":\"BreadcrumbList\",\"@id\":\"https:\/\/dev-test.rgdeportes.com\/index.php\/2021\/07\/10\/kartismo-con-fecha-definida-para-el-campeonato-de-invierno\/#breadcrumb\",\"itemListElement\":[{\"@type\":\"ListItem\",\"position\":1,\"name\":\"Portada\",\"item\":\"https:\/\/dev-test.rgdeportes.com\/\"},{\"@type\":\"ListItem\",\"position\":2,\"name\":\"Kartismo con fecha definida para el Campeonato de Invierno\"}]},{\"@type\":\"WebSite\",\"@id\":\"https:\/\/dev-test.rgdeportes.com\/#website\",\"url\":\"https:\/\/dev-test.rgdeportes.com\/\",\"name\":\"RG Deportes\u200e\",\"description\":\"P\u00e1gina de desarrollo y pruebas\",\"publisher\":{\"@id\":\"https:\/\/dev-test.rgdeportes.com\/#organization\"},\"potentialAction\":[{\"@type\":\"SearchAction\",\"target\":{\"@type\":\"EntryPoint\",\"urlTemplate\":\"https:\/\/dev-test.rgdeportes.com\/?s={search_term_string}\"},\"query-input\":\"required name=search_term_string\"}],\"inLanguage\":\"es\"},{\"@type\":\"Organization\",\"@id\":\"https:\/\/dev-test.rgdeportes.com\/#organization\",\"name\":\"RG Deportes\",\"url\":\"https:\/\/dev-test.rgdeportes.com\/\",\"logo\":{\"@type\":\"ImageObject\",\"inLanguage\":\"es\",\"@id\":\"https:\/\/dev-test.rgdeportes.com\/#\/schema\/logo\/image\/\",\"url\":\"https:\/\/rgdeportes.com\/wp-content\/uploads\/2020\/09\/Logo.png\",\"contentUrl\":\"https:\/\/rgdeportes.com\/wp-content\/uploads\/2020\/09\/Logo.png\",\"width\":784,\"height\":552,\"caption\":\"RG Deportes\"},\"image\":{\"@id\":\"https:\/\/dev-test.rgdeportes.com\/#\/schema\/logo\/image\/\"},\"sameAs\":[\"https:\/\/www.facebook.com\/RandallGutierrezDeportes\/\",\"https:\/\/www.instagram.com\/randallgutierrezdeportes\/\",\"https:\/\/www.youtube.com\/channel\/UCX4_qbvtnTwoF5t2zNqBDvA\"]},{\"@type\":\"Person\",\"@id\":\"https:\/\/dev-test.rgdeportes.com\/#\/schema\/person\/91795323fddb335a4fd017bf0e4b1358\",\"name\":\"Randall Gutierrez\",\"image\":{\"@type\":\"ImageObject\",\"inLanguage\":\"es\",\"@id\":\"https:\/\/dev-test.rgdeportes.com\/#\/schema\/person\/image\/\",\"url\":\"https:\/\/secure.gravatar.com\/avatar\/d0884ea8b9b50bcfad3c0d20049361b5?s=96&d=mm&r=g\",\"contentUrl\":\"https:\/\/secure.gravatar.com\/avatar\/d0884ea8b9b50bcfad3c0d20049361b5?s=96&d=mm&r=g\",\"caption\":\"Randall Gutierrez\"},\"url\":\"https:\/\/dev-test.rgdeportes.com\/index.php\/author\/randall\/\"}]}<\/script>\n<!-- \/ Yoast SEO plugin. -->","yoast_head_json":{"title":"Kartismo con fecha definida para el Campeonato de Invierno - RG Deportestes - Test","robots":{"index":"index","follow":"follow","max-snippet":"max-snippet:-1","max-image-preview":"max-image-preview:large","max-video-preview":"max-video-preview:-1"},"canonical":"https:\/\/dev-test.rgdeportes.com\/index.php\/2021\/07\/10\/kartismo-con-fecha-definida-para-el-campeonato-de-invierno\/","og_locale":"es_ES","og_type":"article","og_title":"Kartismo con fecha definida para el Campeonato de Invierno - RG Deportestes - Test","og_description":"Tras un comunicado por \u00abLa Asociaci\u00f3n de Corredores de KARTISMO\u00bb (ACEK), dio a detalles de lo que ser\u00e1 la Primera Fecha de Invierno. Esta fecha est\u00e1 pactada para el s\u00e1bado&hellip;","og_url":"https:\/\/dev-test.rgdeportes.com\/index.php\/2021\/07\/10\/kartismo-con-fecha-definida-para-el-campeonato-de-invierno\/","og_site_name":"RG Deportestes - Test","article_publisher":"https:\/\/www.facebook.com\/RandallGutierrezDeportes\/","article_published_time":"2021-07-10T05:11:31+00:00","article_modified_time":"2021-07-10T05:11:32+00:00","og_image":[{"width":1079,"height":720,"url":"https:\/\/dev-test.rgdeportes.com\/wp-content\/uploads\/2021\/07\/FB_IMG_1625892408738.jpg","type":"image\/jpeg"}],"author":"Randall Gutierrez","twitter_card":"summary_large_image","twitter_misc":{"Escrito por":"Randall Gutierrez"},"schema":{"@context":"https:\/\/schema.org","@graph":[{"@type":"Article","@id":"https:\/\/dev-test.rgdeportes.com\/index.php\/2021\/07\/10\/kartismo-con-fecha-definida-para-el-campeonato-de-invierno\/#article","isPartOf":{"@id":"https:\/\/dev-test.rgdeportes.com\/index.php\/2021\/07\/10\/kartismo-con-fecha-definida-para-el-campeonato-de-invierno\/"},"author":{"name":"Randall Gutierrez","@id":"https:\/\/dev-test.rgdeportes.com\/#\/schema\/person\/91795323fddb335a4fd017bf0e4b1358"},"headline":"Kartismo con fecha definida para el Campeonato de Invierno","datePublished":"2021-07-10T05:11:31+00:00","dateModified":"2021-07-10T05:11:32+00:00","mainEntityOfPage":{"@id":"https:\/\/dev-test.rgdeportes.com\/index.php\/2021\/07\/10\/kartismo-con-fecha-definida-para-el-campeonato-de-invierno\/"},"wordCount":94,"commentCount":0,"publisher":{"@id":"https:\/\/dev-test.rgdeportes.com\/#organization"},"keywords":["#CostaRicaKartismo","#PrimeraFechaInviernoKartismo"],"articleSection":["Deporte"],"inLanguage":"es","potentialAction":[{"@type":"CommentAction","name":"Comment","target":["https:\/\/dev-test.rgdeportes.com\/index.php\/2021\/07\/10\/kartismo-con-fecha-definida-para-el-campeonato-de-invierno\/#respond"]}]},{"@type":"WebPage","@id":"https:\/\/dev-test.rgdeportes.com\/index.php\/2021\/07\/10\/kartismo-con-fecha-definida-para-el-campeonato-de-invierno\/","url":"https:\/\/dev-test.rgdeportes.com\/index.php\/2021\/07\/10\/kartismo-con-fecha-definida-para-el-campeonato-de-invierno\/","name":"Kartismo con fecha definida para el Campeonato de Invierno - RG Deportestes - Test","isPartOf":{"@id":"https:\/\/dev-test.rgdeportes.com\/#website"},"datePublished":"2021-07-10T05:11:31+00:00","dateModified":"2021-07-10T05:11:32+00:00","breadcrumb":{"@id":"https:\/\/dev-test.rgdeportes.com\/index.php\/2021\/07\/10\/kartismo-con-fecha-definida-para-el-campeonato-de-invierno\/#breadcrumb"},"inLanguage":"es","potentialAction":[{"@type":"ReadAction","target":["https:\/\/dev-test.rgdeportes.com\/index.php\/2021\/07\/10\/kartismo-con-fecha-definida-para-el-campeonato-de-invierno\/"]}]},{"@type":"BreadcrumbList","@id":"https:\/\/dev-test.rgdeportes.com\/index.php\/2021\/07\/10\/kartismo-con-fecha-definida-para-el-campeonato-de-invierno\/#breadcrumb","itemListElement":[{"@type":"ListItem","position":1,"name":"Portada","item":"https:\/\/dev-test.rgdeportes.com\/"},{"@type":"ListItem","position":2,"name":"Kartismo con fecha definida para el Campeonato de Invierno"}]},{"@type":"WebSite","@id":"https:\/\/dev-test.rgdeportes.com\/#website","url":"https:\/\/dev-test.rgdeportes.com\/","name":"RG Deportes\u200e","description":"P\u00e1gina de desarrollo y pruebas","publisher":{"@id":"https:\/\/dev-test.rgdeportes.com\/#organization"},"potentialAction":[{"@type":"SearchAction","target":{"@type":"EntryPoint","urlTemplate":"https:\/\/dev-test.rgdeportes.com\/?s={search_term_string}"},"query-input":"required name=search_term_string"}],"inLanguage":"es"},{"@type":"Organization","@id":"https:\/\/dev-test.rgdeportes.com\/#organization","name":"RG Deportes","url":"https:\/\/dev-test.rgdeportes.com\/","logo":{"@type":"ImageObject","inLanguage":"es","@id":"https:\/\/dev-test.rgdeportes.com\/#\/schema\/logo\/image\/","url":"https:\/\/rgdeportes.com\/wp-content\/uploads\/2020\/09\/Logo.png","contentUrl":"https:\/\/rgdeportes.com\/wp-content\/uploads\/2020\/09\/Logo.png","width":784,"height":552,"caption":"RG Deportes"},"image":{"@id":"https:\/\/dev-test.rgdeportes.com\/#\/schema\/logo\/image\/"},"sameAs":["https:\/\/www.facebook.com\/RandallGutierrezDeportes\/","https:\/\/www.instagram.com\/randallgutierrezdeportes\/","https:\/\/www.youtube.com\/channel\/UCX4_qbvtnTwoF5t2zNqBDvA"]},{"@type":"Person","@id":"https:\/\/dev-test.rgdeportes.com\/#\/schema\/person\/91795323fddb335a4fd017bf0e4b1358","name":"Randall Gutierrez","image":{"@type":"ImageObject","inLanguage":"es","@id":"https:\/\/dev-test.rgdeportes.com\/#\/schema\/person\/image\/","url":"https:\/\/secure.gravatar.com\/avatar\/d0884ea8b9b50bcfad3c0d20049361b5?s=96&d=mm&r=g","contentUrl":"https:\/\/secure.gravatar.com\/avatar\/d0884ea8b9b50bcfad3c0d20049361b5?s=96&d=mm&r=g","caption":"Randall Gutierrez"},"url":"https:\/\/dev-test.rgdeportes.com\/index.php\/author\/randall\/"}]}},"_links":{"self":[{"href":"https:\/\/dev-test.rgdeportes.com\/index.php\/wp-json\/wp\/v2\/posts\/2010"}],"collection":[{"href":"https:\/\/dev-test.rgdeportes.com\/index.php\/wp-json\/wp\/v2\/posts"}],"about":[{"href":"https:\/\/dev-test.rgdeportes.com\/index.php\/wp-json\/wp\/v2\/types\/post"}],"author":[{"embeddable":true,"href":"https:\/\/dev-test.rgdeportes.com\/index.php\/wp-json\/wp\/v2\/users\/2"}],"replies":[{"embeddable":true,"href":"https:\/\/dev-test.rgdeportes.com\/index.php\/wp-json\/wp\/v2\/comments?post=2010"}],"version-history":[{"count":1,"href":"https:\/\/dev-test.rgdeportes.com\/index.php\/wp-json\/wp\/v2\/posts\/2010\/revisions"}],"predecessor-version":[{"id":2012,"href":"https:\/\/dev-test.rgdeportes.com\/index.php\/wp-json\/wp\/v2\/posts\/2010\/revisions\/2012"}],"wp:featuredmedia":[{"embeddable":true,"href":"https:\/\/dev-test.rgdeportes.com\/index.php\/wp-json\/wp\/v2\/media\/2011"}],"wp:attachment":[{"href":"https:\/\/dev-test.rgdeportes.com\/index.php\/wp-json\/wp\/v2\/media?parent=2010"}],"wp:term":[{"taxonomy":"category","embeddable":true,"href":"https:\/\/dev-test.rgdeportes.com\/index.php\/wp-json\/wp\/v2\/categories?post=2010"},{"taxonomy":"post_tag","embeddable":true,"href":"https:\/\/dev-test.rgdeportes.com\/index.php\/wp-json\/wp\/v2\/tags?post=2010"}],"curies":[{"name":"wp","href":"https:\/\/api.w.org\/{rel}","templated":true}]}}