{"id":1981,"date":"2021-07-07T03:46:47","date_gmt":"2021-07-07T03:46:47","guid":{"rendered":"http:\/\/rgdeportes.com\/?p=1981"},"modified":"2021-07-07T03:46:48","modified_gmt":"2021-07-07T03:46:48","slug":"belen-es-el-campeon-por-equipos-en-natacion","status":"publish","type":"post","link":"https:\/\/dev-test.rgdeportes.com\/index.php\/2021\/07\/07\/belen-es-el-campeon-por-equipos-en-natacion\/","title":{"rendered":"Bel\u00e9n es el campe\u00f3n por equipos en nataci\u00f3n"},"content":{"rendered":"\n<figure class=\"wp-block-gallery columns-1 is-cropped wp-block-gallery-1 is-layout-flex wp-block-gallery-is-layout-flex\"><ul class=\"blocks-gallery-grid\"><li class=\"blocks-gallery-item\"><figure><img decoding=\"async\" loading=\"lazy\" width=\"1024\" height=\"681\" src=\"http:\/\/rgdeportes.com\/wp-content\/uploads\/2021\/07\/FB_IMG_1625622758115-1024x681.jpg\" alt=\"\" data-id=\"1982\" data-full-url=\"http:\/\/rgdeportes.com\/wp-content\/uploads\/2021\/07\/FB_IMG_1625622758115.jpg\" data-link=\"http:\/\/rgdeportes.com\/?attachment_id=1982\" class=\"wp-image-1982\" srcset=\"https:\/\/dev-test.rgdeportes.com\/wp-content\/uploads\/2021\/07\/FB_IMG_1625622758115-1024x681.jpg 1024w, https:\/\/dev-test.rgdeportes.com\/wp-content\/uploads\/2021\/07\/FB_IMG_1625622758115-300x199.jpg 300w, https:\/\/dev-test.rgdeportes.com\/wp-content\/uploads\/2021\/07\/FB_IMG_1625622758115-768x511.jpg 768w, https:\/\/dev-test.rgdeportes.com\/wp-content\/uploads\/2021\/07\/FB_IMG_1625622758115.jpg 1080w\" sizes=\"(max-width: 1024px) 100vw, 1024px\" \/><\/figure><\/li><\/ul><\/figure>\n\n\n\n<p>Tras un fin de semana \u00e1rduo de competici\u00f3n desde la Piscina Mar\u00eda del Milagro Paris en La Sabana, el equipo de Bel\u00e9n se llev\u00f3 sin objeci\u00f3n el cetro durante esta competici\u00f3n.<\/p>\n\n\n\n<p>Cerca de 12 equipos donde adem\u00e1s inscribieron a 10 nadadores de las categor\u00edas femenino como masculino destacando en tres pruebas por sesi\u00f3n y de relevos.<\/p>\n\n\n\n<p>Esto dio como resultado a la Asociaci\u00f3n Belemita de Nataci\u00f3n logr\u00f3 539 puntos para lograr su duod\u00e9cimo campeonato consecutivo y el d\u00e9cimo tercero en su historia.<\/p>\n\n\n\n<p>Pr\u00f3xima fecha para competir esta pactada para los d\u00edas 23, 24 y 25 de julio Campeonato Nacional Individual en la Piscina Mar\u00eda del Milagro Paris.<\/p>\n\n\n\n<p>De esta manera se cierra la temporada.<\/p>\n\n\n\n<p>(Foto Cortes\u00eda FECODA). <\/p>\n","protected":false},"excerpt":{"rendered":"<p>Tras un fin de semana \u00e1rduo de competici\u00f3n desde la Piscina Mar\u00eda del Milagro Paris en La Sabana, el equipo de Bel\u00e9n se llev\u00f3 sin objeci\u00f3n el cetro durante esta&hellip; <\/p>\n","protected":false},"author":2,"featured_media":1982,"comment_status":"open","ping_status":"open","sticky":false,"template":"","format":"standard","meta":{"_mi_skip_tracking":false,"_monsterinsights_sitenote_active":false,"_monsterinsights_sitenote_note":"","_monsterinsights_sitenote_category":0,"footnotes":""},"categories":[13],"tags":[453,215],"yoast_head":"<!-- This site is optimized with the Yoast SEO plugin v21.2 - https:\/\/yoast.com\/wordpress\/plugins\/seo\/ -->\n<title>Bel\u00e9n es el campe\u00f3n por equipos en nataci\u00f3n - RG Deportestes - Test<\/title>\n<meta name=\"robots\" content=\"index, follow, max-snippet:-1, max-image-preview:large, max-video-preview:-1\" \/>\n<link rel=\"canonical\" href=\"https:\/\/dev-test.rgdeportes.com\/index.php\/2021\/07\/07\/belen-es-el-campeon-por-equipos-en-natacion\/\" \/>\n<meta property=\"og:locale\" content=\"es_ES\" \/>\n<meta property=\"og:type\" content=\"article\" \/>\n<meta property=\"og:title\" content=\"Bel\u00e9n es el campe\u00f3n por equipos en nataci\u00f3n - RG Deportestes - Test\" \/>\n<meta property=\"og:description\" content=\"Tras un fin de semana \u00e1rduo de competici\u00f3n desde la Piscina Mar\u00eda del Milagro Paris en La Sabana, el equipo de Bel\u00e9n se llev\u00f3 sin objeci\u00f3n el cetro durante esta&hellip;\" \/>\n<meta property=\"og:url\" content=\"https:\/\/dev-test.rgdeportes.com\/index.php\/2021\/07\/07\/belen-es-el-campeon-por-equipos-en-natacion\/\" \/>\n<meta property=\"og:site_name\" content=\"RG Deportestes - Test\" \/>\n<meta property=\"article:publisher\" content=\"https:\/\/www.facebook.com\/RandallGutierrezDeportes\/\" \/>\n<meta property=\"article:published_time\" content=\"2021-07-07T03:46:47+00:00\" \/>\n<meta property=\"article:modified_time\" content=\"2021-07-07T03:46:48+00:00\" \/>\n<meta property=\"og:image\" content=\"https:\/\/dev-test.rgdeportes.com\/wp-content\/uploads\/2021\/07\/FB_IMG_1625622758115.jpg\" \/>\n\t<meta property=\"og:image:width\" content=\"1080\" \/>\n\t<meta property=\"og:image:height\" content=\"718\" \/>\n\t<meta property=\"og:image:type\" content=\"image\/jpeg\" \/>\n<meta name=\"author\" content=\"Randall Gutierrez\" \/>\n<meta name=\"twitter:card\" content=\"summary_large_image\" \/>\n<meta name=\"twitter:label1\" content=\"Escrito por\" \/>\n\t<meta name=\"twitter:data1\" content=\"Randall Gutierrez\" \/>\n\t<meta name=\"twitter:label2\" content=\"Tiempo de lectura\" \/>\n\t<meta name=\"twitter:data2\" content=\"1 minuto\" \/>\n<script type=\"application\/ld+json\" class=\"yoast-schema-graph\">{\"@context\":\"https:\/\/schema.org\",\"@graph\":[{\"@type\":\"Article\",\"@id\":\"https:\/\/dev-test.rgdeportes.com\/index.php\/2021\/07\/07\/belen-es-el-campeon-por-equipos-en-natacion\/#article\",\"isPartOf\":{\"@id\":\"https:\/\/dev-test.rgdeportes.com\/index.php\/2021\/07\/07\/belen-es-el-campeon-por-equipos-en-natacion\/\"},\"author\":{\"name\":\"Randall Gutierrez\",\"@id\":\"https:\/\/dev-test.rgdeportes.com\/#\/schema\/person\/91795323fddb335a4fd017bf0e4b1358\"},\"headline\":\"Bel\u00e9n es el campe\u00f3n por equipos en nataci\u00f3n\",\"datePublished\":\"2021-07-07T03:46:47+00:00\",\"dateModified\":\"2021-07-07T03:46:48+00:00\",\"mainEntityOfPage\":{\"@id\":\"https:\/\/dev-test.rgdeportes.com\/index.php\/2021\/07\/07\/belen-es-el-campeon-por-equipos-en-natacion\/\"},\"wordCount\":138,\"commentCount\":0,\"publisher\":{\"@id\":\"https:\/\/dev-test.rgdeportes.com\/#organization\"},\"keywords\":[\"#Nataci\u00f3nBel\u00e9nCR\",\"#Nataci\u00f3nCostaRica\"],\"articleSection\":[\"Otros deportes\"],\"inLanguage\":\"es\",\"potentialAction\":[{\"@type\":\"CommentAction\",\"name\":\"Comment\",\"target\":[\"https:\/\/dev-test.rgdeportes.com\/index.php\/2021\/07\/07\/belen-es-el-campeon-por-equipos-en-natacion\/#respond\"]}]},{\"@type\":\"WebPage\",\"@id\":\"https:\/\/dev-test.rgdeportes.com\/index.php\/2021\/07\/07\/belen-es-el-campeon-por-equipos-en-natacion\/\",\"url\":\"https:\/\/dev-test.rgdeportes.com\/index.php\/2021\/07\/07\/belen-es-el-campeon-por-equipos-en-natacion\/\",\"name\":\"Bel\u00e9n es el campe\u00f3n por equipos en nataci\u00f3n - RG Deportestes - Test\",\"isPartOf\":{\"@id\":\"https:\/\/dev-test.rgdeportes.com\/#website\"},\"datePublished\":\"2021-07-07T03:46:47+00:00\",\"dateModified\":\"2021-07-07T03:46:48+00:00\",\"breadcrumb\":{\"@id\":\"https:\/\/dev-test.rgdeportes.com\/index.php\/2021\/07\/07\/belen-es-el-campeon-por-equipos-en-natacion\/#breadcrumb\"},\"inLanguage\":\"es\",\"potentialAction\":[{\"@type\":\"ReadAction\",\"target\":[\"https:\/\/dev-test.rgdeportes.com\/index.php\/2021\/07\/07\/belen-es-el-campeon-por-equipos-en-natacion\/\"]}]},{\"@type\":\"BreadcrumbList\",\"@id\":\"https:\/\/dev-test.rgdeportes.com\/index.php\/2021\/07\/07\/belen-es-el-campeon-por-equipos-en-natacion\/#breadcrumb\",\"itemListElement\":[{\"@type\":\"ListItem\",\"position\":1,\"name\":\"Portada\",\"item\":\"https:\/\/dev-test.rgdeportes.com\/\"},{\"@type\":\"ListItem\",\"position\":2,\"name\":\"Bel\u00e9n es el campe\u00f3n por equipos en nataci\u00f3n\"}]},{\"@type\":\"WebSite\",\"@id\":\"https:\/\/dev-test.rgdeportes.com\/#website\",\"url\":\"https:\/\/dev-test.rgdeportes.com\/\",\"name\":\"RG Deportes\u200e\",\"description\":\"P\u00e1gina de desarrollo y pruebas\",\"publisher\":{\"@id\":\"https:\/\/dev-test.rgdeportes.com\/#organization\"},\"potentialAction\":[{\"@type\":\"SearchAction\",\"target\":{\"@type\":\"EntryPoint\",\"urlTemplate\":\"https:\/\/dev-test.rgdeportes.com\/?s={search_term_string}\"},\"query-input\":\"required name=search_term_string\"}],\"inLanguage\":\"es\"},{\"@type\":\"Organization\",\"@id\":\"https:\/\/dev-test.rgdeportes.com\/#organization\",\"name\":\"RG Deportes\",\"url\":\"https:\/\/dev-test.rgdeportes.com\/\",\"logo\":{\"@type\":\"ImageObject\",\"inLanguage\":\"es\",\"@id\":\"https:\/\/dev-test.rgdeportes.com\/#\/schema\/logo\/image\/\",\"url\":\"https:\/\/rgdeportes.com\/wp-content\/uploads\/2020\/09\/Logo.png\",\"contentUrl\":\"https:\/\/rgdeportes.com\/wp-content\/uploads\/2020\/09\/Logo.png\",\"width\":784,\"height\":552,\"caption\":\"RG Deportes\"},\"image\":{\"@id\":\"https:\/\/dev-test.rgdeportes.com\/#\/schema\/logo\/image\/\"},\"sameAs\":[\"https:\/\/www.facebook.com\/RandallGutierrezDeportes\/\",\"https:\/\/www.instagram.com\/randallgutierrezdeportes\/\",\"https:\/\/www.youtube.com\/channel\/UCX4_qbvtnTwoF5t2zNqBDvA\"]},{\"@type\":\"Person\",\"@id\":\"https:\/\/dev-test.rgdeportes.com\/#\/schema\/person\/91795323fddb335a4fd017bf0e4b1358\",\"name\":\"Randall Gutierrez\",\"image\":{\"@type\":\"ImageObject\",\"inLanguage\":\"es\",\"@id\":\"https:\/\/dev-test.rgdeportes.com\/#\/schema\/person\/image\/\",\"url\":\"https:\/\/secure.gravatar.com\/avatar\/d0884ea8b9b50bcfad3c0d20049361b5?s=96&d=mm&r=g\",\"contentUrl\":\"https:\/\/secure.gravatar.com\/avatar\/d0884ea8b9b50bcfad3c0d20049361b5?s=96&d=mm&r=g\",\"caption\":\"Randall Gutierrez\"},\"url\":\"https:\/\/dev-test.rgdeportes.com\/index.php\/author\/randall\/\"}]}<\/script>\n<!-- \/ Yoast SEO plugin. -->","yoast_head_json":{"title":"Bel\u00e9n es el campe\u00f3n por equipos en nataci\u00f3n - RG Deportestes - Test","robots":{"index":"index","follow":"follow","max-snippet":"max-snippet:-1","max-image-preview":"max-image-preview:large","max-video-preview":"max-video-preview:-1"},"canonical":"https:\/\/dev-test.rgdeportes.com\/index.php\/2021\/07\/07\/belen-es-el-campeon-por-equipos-en-natacion\/","og_locale":"es_ES","og_type":"article","og_title":"Bel\u00e9n es el campe\u00f3n por equipos en nataci\u00f3n - RG Deportestes - Test","og_description":"Tras un fin de semana \u00e1rduo de competici\u00f3n desde la Piscina Mar\u00eda del Milagro Paris en La Sabana, el equipo de Bel\u00e9n se llev\u00f3 sin objeci\u00f3n el cetro durante esta&hellip;","og_url":"https:\/\/dev-test.rgdeportes.com\/index.php\/2021\/07\/07\/belen-es-el-campeon-por-equipos-en-natacion\/","og_site_name":"RG Deportestes - Test","article_publisher":"https:\/\/www.facebook.com\/RandallGutierrezDeportes\/","article_published_time":"2021-07-07T03:46:47+00:00","article_modified_time":"2021-07-07T03:46:48+00:00","og_image":[{"width":1080,"height":718,"url":"https:\/\/dev-test.rgdeportes.com\/wp-content\/uploads\/2021\/07\/FB_IMG_1625622758115.jpg","type":"image\/jpeg"}],"author":"Randall Gutierrez","twitter_card":"summary_large_image","twitter_misc":{"Escrito por":"Randall Gutierrez","Tiempo de lectura":"1 minuto"},"schema":{"@context":"https:\/\/schema.org","@graph":[{"@type":"Article","@id":"https:\/\/dev-test.rgdeportes.com\/index.php\/2021\/07\/07\/belen-es-el-campeon-por-equipos-en-natacion\/#article","isPartOf":{"@id":"https:\/\/dev-test.rgdeportes.com\/index.php\/2021\/07\/07\/belen-es-el-campeon-por-equipos-en-natacion\/"},"author":{"name":"Randall Gutierrez","@id":"https:\/\/dev-test.rgdeportes.com\/#\/schema\/person\/91795323fddb335a4fd017bf0e4b1358"},"headline":"Bel\u00e9n es el campe\u00f3n por equipos en nataci\u00f3n","datePublished":"2021-07-07T03:46:47+00:00","dateModified":"2021-07-07T03:46:48+00:00","mainEntityOfPage":{"@id":"https:\/\/dev-test.rgdeportes.com\/index.php\/2021\/07\/07\/belen-es-el-campeon-por-equipos-en-natacion\/"},"wordCount":138,"commentCount":0,"publisher":{"@id":"https:\/\/dev-test.rgdeportes.com\/#organization"},"keywords":["#Nataci\u00f3nBel\u00e9nCR","#Nataci\u00f3nCostaRica"],"articleSection":["Otros deportes"],"inLanguage":"es","potentialAction":[{"@type":"CommentAction","name":"Comment","target":["https:\/\/dev-test.rgdeportes.com\/index.php\/2021\/07\/07\/belen-es-el-campeon-por-equipos-en-natacion\/#respond"]}]},{"@type":"WebPage","@id":"https:\/\/dev-test.rgdeportes.com\/index.php\/2021\/07\/07\/belen-es-el-campeon-por-equipos-en-natacion\/","url":"https:\/\/dev-test.rgdeportes.com\/index.php\/2021\/07\/07\/belen-es-el-campeon-por-equipos-en-natacion\/","name":"Bel\u00e9n es el campe\u00f3n por equipos en nataci\u00f3n - RG Deportestes - Test","isPartOf":{"@id":"https:\/\/dev-test.rgdeportes.com\/#website"},"datePublished":"2021-07-07T03:46:47+00:00","dateModified":"2021-07-07T03:46:48+00:00","breadcrumb":{"@id":"https:\/\/dev-test.rgdeportes.com\/index.php\/2021\/07\/07\/belen-es-el-campeon-por-equipos-en-natacion\/#breadcrumb"},"inLanguage":"es","potentialAction":[{"@type":"ReadAction","target":["https:\/\/dev-test.rgdeportes.com\/index.php\/2021\/07\/07\/belen-es-el-campeon-por-equipos-en-natacion\/"]}]},{"@type":"BreadcrumbList","@id":"https:\/\/dev-test.rgdeportes.com\/index.php\/2021\/07\/07\/belen-es-el-campeon-por-equipos-en-natacion\/#breadcrumb","itemListElement":[{"@type":"ListItem","position":1,"name":"Portada","item":"https:\/\/dev-test.rgdeportes.com\/"},{"@type":"ListItem","position":2,"name":"Bel\u00e9n es el campe\u00f3n por equipos en nataci\u00f3n"}]},{"@type":"WebSite","@id":"https:\/\/dev-test.rgdeportes.com\/#website","url":"https:\/\/dev-test.rgdeportes.com\/","name":"RG Deportes\u200e","description":"P\u00e1gina de desarrollo y pruebas","publisher":{"@id":"https:\/\/dev-test.rgdeportes.com\/#organization"},"potentialAction":[{"@type":"SearchAction","target":{"@type":"EntryPoint","urlTemplate":"https:\/\/dev-test.rgdeportes.com\/?s={search_term_string}"},"query-input":"required name=search_term_string"}],"inLanguage":"es"},{"@type":"Organization","@id":"https:\/\/dev-test.rgdeportes.com\/#organization","name":"RG Deportes","url":"https:\/\/dev-test.rgdeportes.com\/","logo":{"@type":"ImageObject","inLanguage":"es","@id":"https:\/\/dev-test.rgdeportes.com\/#\/schema\/logo\/image\/","url":"https:\/\/rgdeportes.com\/wp-content\/uploads\/2020\/09\/Logo.png","contentUrl":"https:\/\/rgdeportes.com\/wp-content\/uploads\/2020\/09\/Logo.png","width":784,"height":552,"caption":"RG Deportes"},"image":{"@id":"https:\/\/dev-test.rgdeportes.com\/#\/schema\/logo\/image\/"},"sameAs":["https:\/\/www.facebook.com\/RandallGutierrezDeportes\/","https:\/\/www.instagram.com\/randallgutierrezdeportes\/","https:\/\/www.youtube.com\/channel\/UCX4_qbvtnTwoF5t2zNqBDvA"]},{"@type":"Person","@id":"https:\/\/dev-test.rgdeportes.com\/#\/schema\/person\/91795323fddb335a4fd017bf0e4b1358","name":"Randall Gutierrez","image":{"@type":"ImageObject","inLanguage":"es","@id":"https:\/\/dev-test.rgdeportes.com\/#\/schema\/person\/image\/","url":"https:\/\/secure.gravatar.com\/avatar\/d0884ea8b9b50bcfad3c0d20049361b5?s=96&d=mm&r=g","contentUrl":"https:\/\/secure.gravatar.com\/avatar\/d0884ea8b9b50bcfad3c0d20049361b5?s=96&d=mm&r=g","caption":"Randall Gutierrez"},"url":"https:\/\/dev-test.rgdeportes.com\/index.php\/author\/randall\/"}]}},"_links":{"self":[{"href":"https:\/\/dev-test.rgdeportes.com\/index.php\/wp-json\/wp\/v2\/posts\/1981"}],"collection":[{"href":"https:\/\/dev-test.rgdeportes.com\/index.php\/wp-json\/wp\/v2\/posts"}],"about":[{"href":"https:\/\/dev-test.rgdeportes.com\/index.php\/wp-json\/wp\/v2\/types\/post"}],"author":[{"embeddable":true,"href":"https:\/\/dev-test.rgdeportes.com\/index.php\/wp-json\/wp\/v2\/users\/2"}],"replies":[{"embeddable":true,"href":"https:\/\/dev-test.rgdeportes.com\/index.php\/wp-json\/wp\/v2\/comments?post=1981"}],"version-history":[{"count":1,"href":"https:\/\/dev-test.rgdeportes.com\/index.php\/wp-json\/wp\/v2\/posts\/1981\/revisions"}],"predecessor-version":[{"id":1983,"href":"https:\/\/dev-test.rgdeportes.com\/index.php\/wp-json\/wp\/v2\/posts\/1981\/revisions\/1983"}],"wp:featuredmedia":[{"embeddable":true,"href":"https:\/\/dev-test.rgdeportes.com\/index.php\/wp-json\/wp\/v2\/media\/1982"}],"wp:attachment":[{"href":"https:\/\/dev-test.rgdeportes.com\/index.php\/wp-json\/wp\/v2\/media?parent=1981"}],"wp:term":[{"taxonomy":"category","embeddable":true,"href":"https:\/\/dev-test.rgdeportes.com\/index.php\/wp-json\/wp\/v2\/categories?post=1981"},{"taxonomy":"post_tag","embeddable":true,"href":"https:\/\/dev-test.rgdeportes.com\/index.php\/wp-json\/wp\/v2\/tags?post=1981"}],"curies":[{"name":"wp","href":"https:\/\/api.w.org\/{rel}","templated":true}]}}