{"id":1974,"date":"2021-07-07T00:45:42","date_gmt":"2021-07-07T00:45:42","guid":{"rendered":"http:\/\/rgdeportes.com\/?p=1974"},"modified":"2021-07-07T00:45:42","modified_gmt":"2021-07-07T00:45:42","slug":"costa-rica-albergara-primer-torneo-de-tenis-de-playa","status":"publish","type":"post","link":"https:\/\/dev-test.rgdeportes.com\/index.php\/2021\/07\/07\/costa-rica-albergara-primer-torneo-de-tenis-de-playa\/","title":{"rendered":"Costa Rica albergar\u00e1 \u201cPrimer Torneo de Tenis de Playa\u201d"},"content":{"rendered":"\n<figure class=\"wp-block-gallery columns-1 is-cropped wp-block-gallery-1 is-layout-flex wp-block-gallery-is-layout-flex\"><ul class=\"blocks-gallery-grid\"><li class=\"blocks-gallery-item\"><figure><img decoding=\"async\" loading=\"lazy\" width=\"1024\" height=\"1024\" src=\"http:\/\/rgdeportes.com\/wp-content\/uploads\/2021\/07\/Beach-Tenis-1-1024x1024.jpg\" alt=\"\" data-id=\"1975\" data-full-url=\"http:\/\/rgdeportes.com\/wp-content\/uploads\/2021\/07\/Beach-Tenis-1.jpg\" data-link=\"http:\/\/rgdeportes.com\/?attachment_id=1975\" class=\"wp-image-1975\" srcset=\"https:\/\/dev-test.rgdeportes.com\/wp-content\/uploads\/2021\/07\/Beach-Tenis-1.jpg 1024w, https:\/\/dev-test.rgdeportes.com\/wp-content\/uploads\/2021\/07\/Beach-Tenis-1-300x300.jpg 300w, https:\/\/dev-test.rgdeportes.com\/wp-content\/uploads\/2021\/07\/Beach-Tenis-1-150x150.jpg 150w, https:\/\/dev-test.rgdeportes.com\/wp-content\/uploads\/2021\/07\/Beach-Tenis-1-768x768.jpg 768w\" sizes=\"(max-width: 1024px) 100vw, 1024px\" \/><\/figure><\/li><\/ul><\/figure>\n\n\n\n<p><\/p>\n\n\n\n<p>Como parte del crecimiento del deporte en Costa Rica, la <strong><em>Federaci\u00f3n Costarricense de Tenis y el Santa Ana Country Club <\/em><\/strong>enviaron el comunicado de lo que ser\u00e1 el <strong><em>\u201cPrimer Nacional Beach Tennis 2021\u201d<\/em><\/strong>.<\/p>\n\n\n\n<p>Este evento es toda una novedad, tomando en cuenta que es la primera competici\u00f3n oficial en realizarse desde las instalaciones del Santa Country Club durante los d\u00edas s\u00e1bado 17 y domingo 18 de julio.<\/p>\n\n\n\n<p>Las categor\u00edas a competir ser\u00e1n <strong><em>\u201cDobles y Mixtos\u201d<\/em><\/strong>, con lo que respecta a inscripciones pueden contactar la p\u00e1gina de la Federaci\u00f3n Costarricense de Tenis. <\/p>\n","protected":false},"excerpt":{"rendered":"<p>Como parte del crecimiento del deporte en Costa Rica, la Federaci\u00f3n Costarricense de Tenis y el Santa Ana Country Club enviaron el comunicado de lo que ser\u00e1 el \u201cPrimer Nacional&hellip; <\/p>\n","protected":false},"author":2,"featured_media":1975,"comment_status":"open","ping_status":"open","sticky":false,"template":"","format":"standard","meta":{"_mi_skip_tracking":false,"_monsterinsights_sitenote_active":false,"_monsterinsights_sitenote_note":"","_monsterinsights_sitenote_category":0,"footnotes":""},"categories":[11,4],"tags":[448,449],"yoast_head":"<!-- This site is optimized with the Yoast SEO plugin v21.2 - https:\/\/yoast.com\/wordpress\/plugins\/seo\/ -->\n<title>Costa Rica albergar\u00e1 \u201cPrimer Torneo de Tenis de Playa\u201d - RG Deportestes - Test<\/title>\n<meta name=\"robots\" content=\"index, follow, max-snippet:-1, max-image-preview:large, max-video-preview:-1\" \/>\n<link rel=\"canonical\" href=\"https:\/\/dev-test.rgdeportes.com\/index.php\/2021\/07\/07\/costa-rica-albergara-primer-torneo-de-tenis-de-playa\/\" \/>\n<meta property=\"og:locale\" content=\"es_ES\" \/>\n<meta property=\"og:type\" content=\"article\" \/>\n<meta property=\"og:title\" content=\"Costa Rica albergar\u00e1 \u201cPrimer Torneo de Tenis de Playa\u201d - RG Deportestes - Test\" \/>\n<meta property=\"og:description\" content=\"Como parte del crecimiento del deporte en Costa Rica, la Federaci\u00f3n Costarricense de Tenis y el Santa Ana Country Club enviaron el comunicado de lo que ser\u00e1 el \u201cPrimer Nacional&hellip;\" \/>\n<meta property=\"og:url\" content=\"https:\/\/dev-test.rgdeportes.com\/index.php\/2021\/07\/07\/costa-rica-albergara-primer-torneo-de-tenis-de-playa\/\" \/>\n<meta property=\"og:site_name\" content=\"RG Deportestes - Test\" \/>\n<meta property=\"article:publisher\" content=\"https:\/\/www.facebook.com\/RandallGutierrezDeportes\/\" \/>\n<meta property=\"article:published_time\" content=\"2021-07-07T00:45:42+00:00\" \/>\n<meta property=\"og:image\" content=\"https:\/\/dev-test.rgdeportes.com\/wp-content\/uploads\/2021\/07\/Beach-Tenis-1.jpg\" \/>\n\t<meta property=\"og:image:width\" content=\"1024\" \/>\n\t<meta property=\"og:image:height\" content=\"1024\" \/>\n\t<meta property=\"og:image:type\" content=\"image\/jpeg\" \/>\n<meta name=\"author\" content=\"Randall Gutierrez\" \/>\n<meta name=\"twitter:card\" content=\"summary_large_image\" \/>\n<meta name=\"twitter:label1\" content=\"Escrito por\" \/>\n\t<meta name=\"twitter:data1\" content=\"Randall Gutierrez\" \/>\n<script type=\"application\/ld+json\" class=\"yoast-schema-graph\">{\"@context\":\"https:\/\/schema.org\",\"@graph\":[{\"@type\":\"Article\",\"@id\":\"https:\/\/dev-test.rgdeportes.com\/index.php\/2021\/07\/07\/costa-rica-albergara-primer-torneo-de-tenis-de-playa\/#article\",\"isPartOf\":{\"@id\":\"https:\/\/dev-test.rgdeportes.com\/index.php\/2021\/07\/07\/costa-rica-albergara-primer-torneo-de-tenis-de-playa\/\"},\"author\":{\"name\":\"Randall Gutierrez\",\"@id\":\"https:\/\/dev-test.rgdeportes.com\/#\/schema\/person\/91795323fddb335a4fd017bf0e4b1358\"},\"headline\":\"Costa Rica albergar\u00e1 \u201cPrimer Torneo de Tenis de Playa\u201d\",\"datePublished\":\"2021-07-07T00:45:42+00:00\",\"dateModified\":\"2021-07-07T00:45:42+00:00\",\"mainEntityOfPage\":{\"@id\":\"https:\/\/dev-test.rgdeportes.com\/index.php\/2021\/07\/07\/costa-rica-albergara-primer-torneo-de-tenis-de-playa\/\"},\"wordCount\":105,\"commentCount\":0,\"publisher\":{\"@id\":\"https:\/\/dev-test.rgdeportes.com\/#organization\"},\"keywords\":[\"#BeachTenisCostaRica2021\",\"#TenisdePlayaCostaRica\"],\"articleSection\":[\"Deporte\",\"Noticias\"],\"inLanguage\":\"es\",\"potentialAction\":[{\"@type\":\"CommentAction\",\"name\":\"Comment\",\"target\":[\"https:\/\/dev-test.rgdeportes.com\/index.php\/2021\/07\/07\/costa-rica-albergara-primer-torneo-de-tenis-de-playa\/#respond\"]}]},{\"@type\":\"WebPage\",\"@id\":\"https:\/\/dev-test.rgdeportes.com\/index.php\/2021\/07\/07\/costa-rica-albergara-primer-torneo-de-tenis-de-playa\/\",\"url\":\"https:\/\/dev-test.rgdeportes.com\/index.php\/2021\/07\/07\/costa-rica-albergara-primer-torneo-de-tenis-de-playa\/\",\"name\":\"Costa Rica albergar\u00e1 \u201cPrimer Torneo de Tenis de Playa\u201d - RG Deportestes - Test\",\"isPartOf\":{\"@id\":\"https:\/\/dev-test.rgdeportes.com\/#website\"},\"datePublished\":\"2021-07-07T00:45:42+00:00\",\"dateModified\":\"2021-07-07T00:45:42+00:00\",\"breadcrumb\":{\"@id\":\"https:\/\/dev-test.rgdeportes.com\/index.php\/2021\/07\/07\/costa-rica-albergara-primer-torneo-de-tenis-de-playa\/#breadcrumb\"},\"inLanguage\":\"es\",\"potentialAction\":[{\"@type\":\"ReadAction\",\"target\":[\"https:\/\/dev-test.rgdeportes.com\/index.php\/2021\/07\/07\/costa-rica-albergara-primer-torneo-de-tenis-de-playa\/\"]}]},{\"@type\":\"BreadcrumbList\",\"@id\":\"https:\/\/dev-test.rgdeportes.com\/index.php\/2021\/07\/07\/costa-rica-albergara-primer-torneo-de-tenis-de-playa\/#breadcrumb\",\"itemListElement\":[{\"@type\":\"ListItem\",\"position\":1,\"name\":\"Portada\",\"item\":\"https:\/\/dev-test.rgdeportes.com\/\"},{\"@type\":\"ListItem\",\"position\":2,\"name\":\"Costa Rica albergar\u00e1 \u201cPrimer Torneo de Tenis de Playa\u201d\"}]},{\"@type\":\"WebSite\",\"@id\":\"https:\/\/dev-test.rgdeportes.com\/#website\",\"url\":\"https:\/\/dev-test.rgdeportes.com\/\",\"name\":\"RG Deportes\u200e\",\"description\":\"P\u00e1gina de desarrollo y pruebas\",\"publisher\":{\"@id\":\"https:\/\/dev-test.rgdeportes.com\/#organization\"},\"potentialAction\":[{\"@type\":\"SearchAction\",\"target\":{\"@type\":\"EntryPoint\",\"urlTemplate\":\"https:\/\/dev-test.rgdeportes.com\/?s={search_term_string}\"},\"query-input\":\"required name=search_term_string\"}],\"inLanguage\":\"es\"},{\"@type\":\"Organization\",\"@id\":\"https:\/\/dev-test.rgdeportes.com\/#organization\",\"name\":\"RG Deportes\",\"url\":\"https:\/\/dev-test.rgdeportes.com\/\",\"logo\":{\"@type\":\"ImageObject\",\"inLanguage\":\"es\",\"@id\":\"https:\/\/dev-test.rgdeportes.com\/#\/schema\/logo\/image\/\",\"url\":\"https:\/\/rgdeportes.com\/wp-content\/uploads\/2020\/09\/Logo.png\",\"contentUrl\":\"https:\/\/rgdeportes.com\/wp-content\/uploads\/2020\/09\/Logo.png\",\"width\":784,\"height\":552,\"caption\":\"RG Deportes\"},\"image\":{\"@id\":\"https:\/\/dev-test.rgdeportes.com\/#\/schema\/logo\/image\/\"},\"sameAs\":[\"https:\/\/www.facebook.com\/RandallGutierrezDeportes\/\",\"https:\/\/www.instagram.com\/randallgutierrezdeportes\/\",\"https:\/\/www.youtube.com\/channel\/UCX4_qbvtnTwoF5t2zNqBDvA\"]},{\"@type\":\"Person\",\"@id\":\"https:\/\/dev-test.rgdeportes.com\/#\/schema\/person\/91795323fddb335a4fd017bf0e4b1358\",\"name\":\"Randall Gutierrez\",\"image\":{\"@type\":\"ImageObject\",\"inLanguage\":\"es\",\"@id\":\"https:\/\/dev-test.rgdeportes.com\/#\/schema\/person\/image\/\",\"url\":\"https:\/\/secure.gravatar.com\/avatar\/d0884ea8b9b50bcfad3c0d20049361b5?s=96&d=mm&r=g\",\"contentUrl\":\"https:\/\/secure.gravatar.com\/avatar\/d0884ea8b9b50bcfad3c0d20049361b5?s=96&d=mm&r=g\",\"caption\":\"Randall Gutierrez\"},\"url\":\"https:\/\/dev-test.rgdeportes.com\/index.php\/author\/randall\/\"}]}<\/script>\n<!-- \/ Yoast SEO plugin. -->","yoast_head_json":{"title":"Costa Rica albergar\u00e1 \u201cPrimer Torneo de Tenis de Playa\u201d - RG Deportestes - Test","robots":{"index":"index","follow":"follow","max-snippet":"max-snippet:-1","max-image-preview":"max-image-preview:large","max-video-preview":"max-video-preview:-1"},"canonical":"https:\/\/dev-test.rgdeportes.com\/index.php\/2021\/07\/07\/costa-rica-albergara-primer-torneo-de-tenis-de-playa\/","og_locale":"es_ES","og_type":"article","og_title":"Costa Rica albergar\u00e1 \u201cPrimer Torneo de Tenis de Playa\u201d - RG Deportestes - Test","og_description":"Como parte del crecimiento del deporte en Costa Rica, la Federaci\u00f3n Costarricense de Tenis y el Santa Ana Country Club enviaron el comunicado de lo que ser\u00e1 el \u201cPrimer Nacional&hellip;","og_url":"https:\/\/dev-test.rgdeportes.com\/index.php\/2021\/07\/07\/costa-rica-albergara-primer-torneo-de-tenis-de-playa\/","og_site_name":"RG Deportestes - Test","article_publisher":"https:\/\/www.facebook.com\/RandallGutierrezDeportes\/","article_published_time":"2021-07-07T00:45:42+00:00","og_image":[{"width":1024,"height":1024,"url":"https:\/\/dev-test.rgdeportes.com\/wp-content\/uploads\/2021\/07\/Beach-Tenis-1.jpg","type":"image\/jpeg"}],"author":"Randall Gutierrez","twitter_card":"summary_large_image","twitter_misc":{"Escrito por":"Randall Gutierrez"},"schema":{"@context":"https:\/\/schema.org","@graph":[{"@type":"Article","@id":"https:\/\/dev-test.rgdeportes.com\/index.php\/2021\/07\/07\/costa-rica-albergara-primer-torneo-de-tenis-de-playa\/#article","isPartOf":{"@id":"https:\/\/dev-test.rgdeportes.com\/index.php\/2021\/07\/07\/costa-rica-albergara-primer-torneo-de-tenis-de-playa\/"},"author":{"name":"Randall Gutierrez","@id":"https:\/\/dev-test.rgdeportes.com\/#\/schema\/person\/91795323fddb335a4fd017bf0e4b1358"},"headline":"Costa Rica albergar\u00e1 \u201cPrimer Torneo de Tenis de Playa\u201d","datePublished":"2021-07-07T00:45:42+00:00","dateModified":"2021-07-07T00:45:42+00:00","mainEntityOfPage":{"@id":"https:\/\/dev-test.rgdeportes.com\/index.php\/2021\/07\/07\/costa-rica-albergara-primer-torneo-de-tenis-de-playa\/"},"wordCount":105,"commentCount":0,"publisher":{"@id":"https:\/\/dev-test.rgdeportes.com\/#organization"},"keywords":["#BeachTenisCostaRica2021","#TenisdePlayaCostaRica"],"articleSection":["Deporte","Noticias"],"inLanguage":"es","potentialAction":[{"@type":"CommentAction","name":"Comment","target":["https:\/\/dev-test.rgdeportes.com\/index.php\/2021\/07\/07\/costa-rica-albergara-primer-torneo-de-tenis-de-playa\/#respond"]}]},{"@type":"WebPage","@id":"https:\/\/dev-test.rgdeportes.com\/index.php\/2021\/07\/07\/costa-rica-albergara-primer-torneo-de-tenis-de-playa\/","url":"https:\/\/dev-test.rgdeportes.com\/index.php\/2021\/07\/07\/costa-rica-albergara-primer-torneo-de-tenis-de-playa\/","name":"Costa Rica albergar\u00e1 \u201cPrimer Torneo de Tenis de Playa\u201d - RG Deportestes - Test","isPartOf":{"@id":"https:\/\/dev-test.rgdeportes.com\/#website"},"datePublished":"2021-07-07T00:45:42+00:00","dateModified":"2021-07-07T00:45:42+00:00","breadcrumb":{"@id":"https:\/\/dev-test.rgdeportes.com\/index.php\/2021\/07\/07\/costa-rica-albergara-primer-torneo-de-tenis-de-playa\/#breadcrumb"},"inLanguage":"es","potentialAction":[{"@type":"ReadAction","target":["https:\/\/dev-test.rgdeportes.com\/index.php\/2021\/07\/07\/costa-rica-albergara-primer-torneo-de-tenis-de-playa\/"]}]},{"@type":"BreadcrumbList","@id":"https:\/\/dev-test.rgdeportes.com\/index.php\/2021\/07\/07\/costa-rica-albergara-primer-torneo-de-tenis-de-playa\/#breadcrumb","itemListElement":[{"@type":"ListItem","position":1,"name":"Portada","item":"https:\/\/dev-test.rgdeportes.com\/"},{"@type":"ListItem","position":2,"name":"Costa Rica albergar\u00e1 \u201cPrimer Torneo de Tenis de Playa\u201d"}]},{"@type":"WebSite","@id":"https:\/\/dev-test.rgdeportes.com\/#website","url":"https:\/\/dev-test.rgdeportes.com\/","name":"RG Deportes\u200e","description":"P\u00e1gina de desarrollo y pruebas","publisher":{"@id":"https:\/\/dev-test.rgdeportes.com\/#organization"},"potentialAction":[{"@type":"SearchAction","target":{"@type":"EntryPoint","urlTemplate":"https:\/\/dev-test.rgdeportes.com\/?s={search_term_string}"},"query-input":"required name=search_term_string"}],"inLanguage":"es"},{"@type":"Organization","@id":"https:\/\/dev-test.rgdeportes.com\/#organization","name":"RG Deportes","url":"https:\/\/dev-test.rgdeportes.com\/","logo":{"@type":"ImageObject","inLanguage":"es","@id":"https:\/\/dev-test.rgdeportes.com\/#\/schema\/logo\/image\/","url":"https:\/\/rgdeportes.com\/wp-content\/uploads\/2020\/09\/Logo.png","contentUrl":"https:\/\/rgdeportes.com\/wp-content\/uploads\/2020\/09\/Logo.png","width":784,"height":552,"caption":"RG Deportes"},"image":{"@id":"https:\/\/dev-test.rgdeportes.com\/#\/schema\/logo\/image\/"},"sameAs":["https:\/\/www.facebook.com\/RandallGutierrezDeportes\/","https:\/\/www.instagram.com\/randallgutierrezdeportes\/","https:\/\/www.youtube.com\/channel\/UCX4_qbvtnTwoF5t2zNqBDvA"]},{"@type":"Person","@id":"https:\/\/dev-test.rgdeportes.com\/#\/schema\/person\/91795323fddb335a4fd017bf0e4b1358","name":"Randall Gutierrez","image":{"@type":"ImageObject","inLanguage":"es","@id":"https:\/\/dev-test.rgdeportes.com\/#\/schema\/person\/image\/","url":"https:\/\/secure.gravatar.com\/avatar\/d0884ea8b9b50bcfad3c0d20049361b5?s=96&d=mm&r=g","contentUrl":"https:\/\/secure.gravatar.com\/avatar\/d0884ea8b9b50bcfad3c0d20049361b5?s=96&d=mm&r=g","caption":"Randall Gutierrez"},"url":"https:\/\/dev-test.rgdeportes.com\/index.php\/author\/randall\/"}]}},"_links":{"self":[{"href":"https:\/\/dev-test.rgdeportes.com\/index.php\/wp-json\/wp\/v2\/posts\/1974"}],"collection":[{"href":"https:\/\/dev-test.rgdeportes.com\/index.php\/wp-json\/wp\/v2\/posts"}],"about":[{"href":"https:\/\/dev-test.rgdeportes.com\/index.php\/wp-json\/wp\/v2\/types\/post"}],"author":[{"embeddable":true,"href":"https:\/\/dev-test.rgdeportes.com\/index.php\/wp-json\/wp\/v2\/users\/2"}],"replies":[{"embeddable":true,"href":"https:\/\/dev-test.rgdeportes.com\/index.php\/wp-json\/wp\/v2\/comments?post=1974"}],"version-history":[{"count":1,"href":"https:\/\/dev-test.rgdeportes.com\/index.php\/wp-json\/wp\/v2\/posts\/1974\/revisions"}],"predecessor-version":[{"id":1976,"href":"https:\/\/dev-test.rgdeportes.com\/index.php\/wp-json\/wp\/v2\/posts\/1974\/revisions\/1976"}],"wp:featuredmedia":[{"embeddable":true,"href":"https:\/\/dev-test.rgdeportes.com\/index.php\/wp-json\/wp\/v2\/media\/1975"}],"wp:attachment":[{"href":"https:\/\/dev-test.rgdeportes.com\/index.php\/wp-json\/wp\/v2\/media?parent=1974"}],"wp:term":[{"taxonomy":"category","embeddable":true,"href":"https:\/\/dev-test.rgdeportes.com\/index.php\/wp-json\/wp\/v2\/categories?post=1974"},{"taxonomy":"post_tag","embeddable":true,"href":"https:\/\/dev-test.rgdeportes.com\/index.php\/wp-json\/wp\/v2\/tags?post=1974"}],"curies":[{"name":"wp","href":"https:\/\/api.w.org\/{rel}","templated":true}]}}