{"id":1376,"date":"2021-01-19T01:24:06","date_gmt":"2021-01-19T01:24:06","guid":{"rendered":"http:\/\/rgdeportes.com\/?p=1376"},"modified":"2021-01-19T01:24:09","modified_gmt":"2021-01-19T01:24:09","slug":"seleccion-paralimpica-de-pulsos-inicia-entrenamiento-para-el-mundial-2021","status":"publish","type":"post","link":"https:\/\/dev-test.rgdeportes.com\/index.php\/2021\/01\/19\/seleccion-paralimpica-de-pulsos-inicia-entrenamiento-para-el-mundial-2021\/","title":{"rendered":"Selecci\u00f3n Paral\u00edmpica de Pulsos inicia entrenamiento para el Mundial 2021"},"content":{"rendered":"\n<figure class=\"wp-block-gallery columns-1 is-cropped wp-block-gallery-1 is-layout-flex wp-block-gallery-is-layout-flex\"><ul class=\"blocks-gallery-grid\"><li class=\"blocks-gallery-item\"><figure><img decoding=\"async\" loading=\"lazy\" width=\"1008\" height=\"756\" src=\"http:\/\/rgdeportes.com\/wp-content\/uploads\/2021\/01\/Pulsos-cr.jpg\" alt=\"\" data-id=\"1377\" data-full-url=\"http:\/\/rgdeportes.com\/wp-content\/uploads\/2021\/01\/Pulsos-cr.jpg\" data-link=\"http:\/\/rgdeportes.com\/?attachment_id=1377\" class=\"wp-image-1377\" srcset=\"https:\/\/dev-test.rgdeportes.com\/wp-content\/uploads\/2021\/01\/Pulsos-cr.jpg 1008w, https:\/\/dev-test.rgdeportes.com\/wp-content\/uploads\/2021\/01\/Pulsos-cr-300x225.jpg 300w, https:\/\/dev-test.rgdeportes.com\/wp-content\/uploads\/2021\/01\/Pulsos-cr-768x576.jpg 768w\" sizes=\"(max-width: 1008px) 100vw, 1008px\" \/><\/figure><\/li><\/ul><\/figure>\n\n\n\n<p>Con mucha motivaci\u00f3n, esta semana empezaron los entrenamientos de la Selecci\u00f3n Paral\u00edmpica de Pulsos Costarricense para ganar un cupo en el Mundial de esta categor\u00eda, misma competici\u00f3n se llevar\u00e1 a cabo durante este a\u00f1o 2021.<\/p>\n\n\n\n<p>Los atletas que se enfocan en lograr su boleto a este Mundial de Pulsos son, Guido Rodr\u00edguez Jim\u00e9nez en la modalidad de silla de ruedas y Edgardo Ram\u00edrez por paral\u00edmpico de pie.<\/p>\n\n\n\n<p>Esta primera etapa de entrenamientos fue llevada bajo la supervisi\u00f3n del entrenador paral\u00edmpico el se\u00f1or Manuel Vargas Galeano junto a la colaboraci\u00f3n de Germ\u00e1n Guti\u00e9rrez vicepresidente de la Federaci\u00f3n.<\/p>\n\n\n\n<p>La preparaci\u00f3n de los nacionales se est\u00e1 llevando a cabo en el Centro de Entrenamiento de Alto Rendimiento donde cuenta con mesa paral\u00edmpica y el equipo necesario para que los nacionales tengan las mejores condiciones de cara a este desaf\u00edo.<\/p>\n\n\n\n<p><strong><em>(Foto \u2013 Cortes\u00eda Federaci\u00f3n Costarricense de Pulsos).<\/em><\/strong><\/p>\n","protected":false},"excerpt":{"rendered":"<p>Con mucha motivaci\u00f3n, esta semana empezaron los entrenamientos de la Selecci\u00f3n Paral\u00edmpica de Pulsos Costarricense para ganar un cupo en el Mundial de esta categor\u00eda, misma competici\u00f3n se llevar\u00e1 a&hellip; <\/p>\n","protected":false},"author":2,"featured_media":1377,"comment_status":"open","ping_status":"open","sticky":false,"template":"","format":"standard","meta":{"_mi_skip_tracking":false,"_monsterinsights_sitenote_active":false,"_monsterinsights_sitenote_note":"","_monsterinsights_sitenote_category":0,"footnotes":""},"categories":[7,4],"tags":[205,157,206],"yoast_head":"<!-- This site is optimized with the Yoast SEO plugin v21.2 - https:\/\/yoast.com\/wordpress\/plugins\/seo\/ -->\n<title>Selecci\u00f3n Paral\u00edmpica de Pulsos inicia entrenamiento para el Mundial 2021 - RG Deportestes - Test<\/title>\n<meta name=\"robots\" content=\"index, follow, max-snippet:-1, max-image-preview:large, max-video-preview:-1\" \/>\n<link rel=\"canonical\" href=\"https:\/\/dev-test.rgdeportes.com\/index.php\/2021\/01\/19\/seleccion-paralimpica-de-pulsos-inicia-entrenamiento-para-el-mundial-2021\/\" \/>\n<meta property=\"og:locale\" content=\"es_ES\" \/>\n<meta property=\"og:type\" content=\"article\" \/>\n<meta property=\"og:title\" content=\"Selecci\u00f3n Paral\u00edmpica de Pulsos inicia entrenamiento para el Mundial 2021 - RG Deportestes - Test\" \/>\n<meta property=\"og:description\" content=\"Con mucha motivaci\u00f3n, esta semana empezaron los entrenamientos de la Selecci\u00f3n Paral\u00edmpica de Pulsos Costarricense para ganar un cupo en el Mundial de esta categor\u00eda, misma competici\u00f3n se llevar\u00e1 a&hellip;\" \/>\n<meta property=\"og:url\" content=\"https:\/\/dev-test.rgdeportes.com\/index.php\/2021\/01\/19\/seleccion-paralimpica-de-pulsos-inicia-entrenamiento-para-el-mundial-2021\/\" \/>\n<meta property=\"og:site_name\" content=\"RG Deportestes - Test\" \/>\n<meta property=\"article:publisher\" content=\"https:\/\/www.facebook.com\/RandallGutierrezDeportes\/\" \/>\n<meta property=\"article:published_time\" content=\"2021-01-19T01:24:06+00:00\" \/>\n<meta property=\"article:modified_time\" content=\"2021-01-19T01:24:09+00:00\" \/>\n<meta property=\"og:image\" content=\"https:\/\/dev-test.rgdeportes.com\/wp-content\/uploads\/2021\/01\/Pulsos-cr.jpg\" \/>\n\t<meta property=\"og:image:width\" content=\"1008\" \/>\n\t<meta property=\"og:image:height\" content=\"756\" \/>\n\t<meta property=\"og:image:type\" content=\"image\/jpeg\" \/>\n<meta name=\"author\" content=\"Randall Gutierrez\" \/>\n<meta name=\"twitter:card\" content=\"summary_large_image\" \/>\n<meta name=\"twitter:label1\" content=\"Escrito por\" \/>\n\t<meta name=\"twitter:data1\" content=\"Randall Gutierrez\" \/>\n\t<meta name=\"twitter:label2\" content=\"Tiempo de lectura\" \/>\n\t<meta name=\"twitter:data2\" content=\"1 minuto\" \/>\n<script type=\"application\/ld+json\" class=\"yoast-schema-graph\">{\"@context\":\"https:\/\/schema.org\",\"@graph\":[{\"@type\":\"Article\",\"@id\":\"https:\/\/dev-test.rgdeportes.com\/index.php\/2021\/01\/19\/seleccion-paralimpica-de-pulsos-inicia-entrenamiento-para-el-mundial-2021\/#article\",\"isPartOf\":{\"@id\":\"https:\/\/dev-test.rgdeportes.com\/index.php\/2021\/01\/19\/seleccion-paralimpica-de-pulsos-inicia-entrenamiento-para-el-mundial-2021\/\"},\"author\":{\"name\":\"Randall Gutierrez\",\"@id\":\"https:\/\/dev-test.rgdeportes.com\/#\/schema\/person\/91795323fddb335a4fd017bf0e4b1358\"},\"headline\":\"Selecci\u00f3n Paral\u00edmpica de Pulsos inicia entrenamiento para el Mundial 2021\",\"datePublished\":\"2021-01-19T01:24:06+00:00\",\"dateModified\":\"2021-01-19T01:24:09+00:00\",\"mainEntityOfPage\":{\"@id\":\"https:\/\/dev-test.rgdeportes.com\/index.php\/2021\/01\/19\/seleccion-paralimpica-de-pulsos-inicia-entrenamiento-para-el-mundial-2021\/\"},\"wordCount\":174,\"commentCount\":0,\"publisher\":{\"@id\":\"https:\/\/dev-test.rgdeportes.com\/#organization\"},\"keywords\":[\"#MundialPulsos2021\",\"#PulsosCR\",\"Pulsosparal\u00edmpicocostarica\"],\"articleSection\":[\"Deporte Adaptado\",\"Noticias\"],\"inLanguage\":\"es\",\"potentialAction\":[{\"@type\":\"CommentAction\",\"name\":\"Comment\",\"target\":[\"https:\/\/dev-test.rgdeportes.com\/index.php\/2021\/01\/19\/seleccion-paralimpica-de-pulsos-inicia-entrenamiento-para-el-mundial-2021\/#respond\"]}]},{\"@type\":\"WebPage\",\"@id\":\"https:\/\/dev-test.rgdeportes.com\/index.php\/2021\/01\/19\/seleccion-paralimpica-de-pulsos-inicia-entrenamiento-para-el-mundial-2021\/\",\"url\":\"https:\/\/dev-test.rgdeportes.com\/index.php\/2021\/01\/19\/seleccion-paralimpica-de-pulsos-inicia-entrenamiento-para-el-mundial-2021\/\",\"name\":\"Selecci\u00f3n Paral\u00edmpica de Pulsos inicia entrenamiento para el Mundial 2021 - RG Deportestes - Test\",\"isPartOf\":{\"@id\":\"https:\/\/dev-test.rgdeportes.com\/#website\"},\"datePublished\":\"2021-01-19T01:24:06+00:00\",\"dateModified\":\"2021-01-19T01:24:09+00:00\",\"breadcrumb\":{\"@id\":\"https:\/\/dev-test.rgdeportes.com\/index.php\/2021\/01\/19\/seleccion-paralimpica-de-pulsos-inicia-entrenamiento-para-el-mundial-2021\/#breadcrumb\"},\"inLanguage\":\"es\",\"potentialAction\":[{\"@type\":\"ReadAction\",\"target\":[\"https:\/\/dev-test.rgdeportes.com\/index.php\/2021\/01\/19\/seleccion-paralimpica-de-pulsos-inicia-entrenamiento-para-el-mundial-2021\/\"]}]},{\"@type\":\"BreadcrumbList\",\"@id\":\"https:\/\/dev-test.rgdeportes.com\/index.php\/2021\/01\/19\/seleccion-paralimpica-de-pulsos-inicia-entrenamiento-para-el-mundial-2021\/#breadcrumb\",\"itemListElement\":[{\"@type\":\"ListItem\",\"position\":1,\"name\":\"Portada\",\"item\":\"https:\/\/dev-test.rgdeportes.com\/\"},{\"@type\":\"ListItem\",\"position\":2,\"name\":\"Selecci\u00f3n Paral\u00edmpica de Pulsos inicia entrenamiento para el Mundial 2021\"}]},{\"@type\":\"WebSite\",\"@id\":\"https:\/\/dev-test.rgdeportes.com\/#website\",\"url\":\"https:\/\/dev-test.rgdeportes.com\/\",\"name\":\"RG Deportes\u200e\",\"description\":\"P\u00e1gina de desarrollo y pruebas\",\"publisher\":{\"@id\":\"https:\/\/dev-test.rgdeportes.com\/#organization\"},\"potentialAction\":[{\"@type\":\"SearchAction\",\"target\":{\"@type\":\"EntryPoint\",\"urlTemplate\":\"https:\/\/dev-test.rgdeportes.com\/?s={search_term_string}\"},\"query-input\":\"required name=search_term_string\"}],\"inLanguage\":\"es\"},{\"@type\":\"Organization\",\"@id\":\"https:\/\/dev-test.rgdeportes.com\/#organization\",\"name\":\"RG Deportes\",\"url\":\"https:\/\/dev-test.rgdeportes.com\/\",\"logo\":{\"@type\":\"ImageObject\",\"inLanguage\":\"es\",\"@id\":\"https:\/\/dev-test.rgdeportes.com\/#\/schema\/logo\/image\/\",\"url\":\"https:\/\/rgdeportes.com\/wp-content\/uploads\/2020\/09\/Logo.png\",\"contentUrl\":\"https:\/\/rgdeportes.com\/wp-content\/uploads\/2020\/09\/Logo.png\",\"width\":784,\"height\":552,\"caption\":\"RG Deportes\"},\"image\":{\"@id\":\"https:\/\/dev-test.rgdeportes.com\/#\/schema\/logo\/image\/\"},\"sameAs\":[\"https:\/\/www.facebook.com\/RandallGutierrezDeportes\/\",\"https:\/\/www.instagram.com\/randallgutierrezdeportes\/\",\"https:\/\/www.youtube.com\/channel\/UCX4_qbvtnTwoF5t2zNqBDvA\"]},{\"@type\":\"Person\",\"@id\":\"https:\/\/dev-test.rgdeportes.com\/#\/schema\/person\/91795323fddb335a4fd017bf0e4b1358\",\"name\":\"Randall Gutierrez\",\"image\":{\"@type\":\"ImageObject\",\"inLanguage\":\"es\",\"@id\":\"https:\/\/dev-test.rgdeportes.com\/#\/schema\/person\/image\/\",\"url\":\"https:\/\/secure.gravatar.com\/avatar\/d0884ea8b9b50bcfad3c0d20049361b5?s=96&d=mm&r=g\",\"contentUrl\":\"https:\/\/secure.gravatar.com\/avatar\/d0884ea8b9b50bcfad3c0d20049361b5?s=96&d=mm&r=g\",\"caption\":\"Randall Gutierrez\"},\"url\":\"https:\/\/dev-test.rgdeportes.com\/index.php\/author\/randall\/\"}]}<\/script>\n<!-- \/ Yoast SEO plugin. -->","yoast_head_json":{"title":"Selecci\u00f3n Paral\u00edmpica de Pulsos inicia entrenamiento para el Mundial 2021 - RG Deportestes - Test","robots":{"index":"index","follow":"follow","max-snippet":"max-snippet:-1","max-image-preview":"max-image-preview:large","max-video-preview":"max-video-preview:-1"},"canonical":"https:\/\/dev-test.rgdeportes.com\/index.php\/2021\/01\/19\/seleccion-paralimpica-de-pulsos-inicia-entrenamiento-para-el-mundial-2021\/","og_locale":"es_ES","og_type":"article","og_title":"Selecci\u00f3n Paral\u00edmpica de Pulsos inicia entrenamiento para el Mundial 2021 - RG Deportestes - Test","og_description":"Con mucha motivaci\u00f3n, esta semana empezaron los entrenamientos de la Selecci\u00f3n Paral\u00edmpica de Pulsos Costarricense para ganar un cupo en el Mundial de esta categor\u00eda, misma competici\u00f3n se llevar\u00e1 a&hellip;","og_url":"https:\/\/dev-test.rgdeportes.com\/index.php\/2021\/01\/19\/seleccion-paralimpica-de-pulsos-inicia-entrenamiento-para-el-mundial-2021\/","og_site_name":"RG Deportestes - Test","article_publisher":"https:\/\/www.facebook.com\/RandallGutierrezDeportes\/","article_published_time":"2021-01-19T01:24:06+00:00","article_modified_time":"2021-01-19T01:24:09+00:00","og_image":[{"width":1008,"height":756,"url":"https:\/\/dev-test.rgdeportes.com\/wp-content\/uploads\/2021\/01\/Pulsos-cr.jpg","type":"image\/jpeg"}],"author":"Randall Gutierrez","twitter_card":"summary_large_image","twitter_misc":{"Escrito por":"Randall Gutierrez","Tiempo de lectura":"1 minuto"},"schema":{"@context":"https:\/\/schema.org","@graph":[{"@type":"Article","@id":"https:\/\/dev-test.rgdeportes.com\/index.php\/2021\/01\/19\/seleccion-paralimpica-de-pulsos-inicia-entrenamiento-para-el-mundial-2021\/#article","isPartOf":{"@id":"https:\/\/dev-test.rgdeportes.com\/index.php\/2021\/01\/19\/seleccion-paralimpica-de-pulsos-inicia-entrenamiento-para-el-mundial-2021\/"},"author":{"name":"Randall Gutierrez","@id":"https:\/\/dev-test.rgdeportes.com\/#\/schema\/person\/91795323fddb335a4fd017bf0e4b1358"},"headline":"Selecci\u00f3n Paral\u00edmpica de Pulsos inicia entrenamiento para el Mundial 2021","datePublished":"2021-01-19T01:24:06+00:00","dateModified":"2021-01-19T01:24:09+00:00","mainEntityOfPage":{"@id":"https:\/\/dev-test.rgdeportes.com\/index.php\/2021\/01\/19\/seleccion-paralimpica-de-pulsos-inicia-entrenamiento-para-el-mundial-2021\/"},"wordCount":174,"commentCount":0,"publisher":{"@id":"https:\/\/dev-test.rgdeportes.com\/#organization"},"keywords":["#MundialPulsos2021","#PulsosCR","Pulsosparal\u00edmpicocostarica"],"articleSection":["Deporte Adaptado","Noticias"],"inLanguage":"es","potentialAction":[{"@type":"CommentAction","name":"Comment","target":["https:\/\/dev-test.rgdeportes.com\/index.php\/2021\/01\/19\/seleccion-paralimpica-de-pulsos-inicia-entrenamiento-para-el-mundial-2021\/#respond"]}]},{"@type":"WebPage","@id":"https:\/\/dev-test.rgdeportes.com\/index.php\/2021\/01\/19\/seleccion-paralimpica-de-pulsos-inicia-entrenamiento-para-el-mundial-2021\/","url":"https:\/\/dev-test.rgdeportes.com\/index.php\/2021\/01\/19\/seleccion-paralimpica-de-pulsos-inicia-entrenamiento-para-el-mundial-2021\/","name":"Selecci\u00f3n Paral\u00edmpica de Pulsos inicia entrenamiento para el Mundial 2021 - RG Deportestes - Test","isPartOf":{"@id":"https:\/\/dev-test.rgdeportes.com\/#website"},"datePublished":"2021-01-19T01:24:06+00:00","dateModified":"2021-01-19T01:24:09+00:00","breadcrumb":{"@id":"https:\/\/dev-test.rgdeportes.com\/index.php\/2021\/01\/19\/seleccion-paralimpica-de-pulsos-inicia-entrenamiento-para-el-mundial-2021\/#breadcrumb"},"inLanguage":"es","potentialAction":[{"@type":"ReadAction","target":["https:\/\/dev-test.rgdeportes.com\/index.php\/2021\/01\/19\/seleccion-paralimpica-de-pulsos-inicia-entrenamiento-para-el-mundial-2021\/"]}]},{"@type":"BreadcrumbList","@id":"https:\/\/dev-test.rgdeportes.com\/index.php\/2021\/01\/19\/seleccion-paralimpica-de-pulsos-inicia-entrenamiento-para-el-mundial-2021\/#breadcrumb","itemListElement":[{"@type":"ListItem","position":1,"name":"Portada","item":"https:\/\/dev-test.rgdeportes.com\/"},{"@type":"ListItem","position":2,"name":"Selecci\u00f3n Paral\u00edmpica de Pulsos inicia entrenamiento para el Mundial 2021"}]},{"@type":"WebSite","@id":"https:\/\/dev-test.rgdeportes.com\/#website","url":"https:\/\/dev-test.rgdeportes.com\/","name":"RG Deportes\u200e","description":"P\u00e1gina de desarrollo y pruebas","publisher":{"@id":"https:\/\/dev-test.rgdeportes.com\/#organization"},"potentialAction":[{"@type":"SearchAction","target":{"@type":"EntryPoint","urlTemplate":"https:\/\/dev-test.rgdeportes.com\/?s={search_term_string}"},"query-input":"required name=search_term_string"}],"inLanguage":"es"},{"@type":"Organization","@id":"https:\/\/dev-test.rgdeportes.com\/#organization","name":"RG Deportes","url":"https:\/\/dev-test.rgdeportes.com\/","logo":{"@type":"ImageObject","inLanguage":"es","@id":"https:\/\/dev-test.rgdeportes.com\/#\/schema\/logo\/image\/","url":"https:\/\/rgdeportes.com\/wp-content\/uploads\/2020\/09\/Logo.png","contentUrl":"https:\/\/rgdeportes.com\/wp-content\/uploads\/2020\/09\/Logo.png","width":784,"height":552,"caption":"RG Deportes"},"image":{"@id":"https:\/\/dev-test.rgdeportes.com\/#\/schema\/logo\/image\/"},"sameAs":["https:\/\/www.facebook.com\/RandallGutierrezDeportes\/","https:\/\/www.instagram.com\/randallgutierrezdeportes\/","https:\/\/www.youtube.com\/channel\/UCX4_qbvtnTwoF5t2zNqBDvA"]},{"@type":"Person","@id":"https:\/\/dev-test.rgdeportes.com\/#\/schema\/person\/91795323fddb335a4fd017bf0e4b1358","name":"Randall Gutierrez","image":{"@type":"ImageObject","inLanguage":"es","@id":"https:\/\/dev-test.rgdeportes.com\/#\/schema\/person\/image\/","url":"https:\/\/secure.gravatar.com\/avatar\/d0884ea8b9b50bcfad3c0d20049361b5?s=96&d=mm&r=g","contentUrl":"https:\/\/secure.gravatar.com\/avatar\/d0884ea8b9b50bcfad3c0d20049361b5?s=96&d=mm&r=g","caption":"Randall Gutierrez"},"url":"https:\/\/dev-test.rgdeportes.com\/index.php\/author\/randall\/"}]}},"_links":{"self":[{"href":"https:\/\/dev-test.rgdeportes.com\/index.php\/wp-json\/wp\/v2\/posts\/1376"}],"collection":[{"href":"https:\/\/dev-test.rgdeportes.com\/index.php\/wp-json\/wp\/v2\/posts"}],"about":[{"href":"https:\/\/dev-test.rgdeportes.com\/index.php\/wp-json\/wp\/v2\/types\/post"}],"author":[{"embeddable":true,"href":"https:\/\/dev-test.rgdeportes.com\/index.php\/wp-json\/wp\/v2\/users\/2"}],"replies":[{"embeddable":true,"href":"https:\/\/dev-test.rgdeportes.com\/index.php\/wp-json\/wp\/v2\/comments?post=1376"}],"version-history":[{"count":1,"href":"https:\/\/dev-test.rgdeportes.com\/index.php\/wp-json\/wp\/v2\/posts\/1376\/revisions"}],"predecessor-version":[{"id":1378,"href":"https:\/\/dev-test.rgdeportes.com\/index.php\/wp-json\/wp\/v2\/posts\/1376\/revisions\/1378"}],"wp:featuredmedia":[{"embeddable":true,"href":"https:\/\/dev-test.rgdeportes.com\/index.php\/wp-json\/wp\/v2\/media\/1377"}],"wp:attachment":[{"href":"https:\/\/dev-test.rgdeportes.com\/index.php\/wp-json\/wp\/v2\/media?parent=1376"}],"wp:term":[{"taxonomy":"category","embeddable":true,"href":"https:\/\/dev-test.rgdeportes.com\/index.php\/wp-json\/wp\/v2\/categories?post=1376"},{"taxonomy":"post_tag","embeddable":true,"href":"https:\/\/dev-test.rgdeportes.com\/index.php\/wp-json\/wp\/v2\/tags?post=1376"}],"curies":[{"name":"wp","href":"https:\/\/api.w.org\/{rel}","templated":true}]}}